{"id":1022206,"date":"2026-09-03T07:35:12","date_gmt":"2026-09-03T11:35:12","guid":{"rendered":""},"modified":"2026-09-03T07:39:53","modified_gmt":"2026-09-03T11:39:53","slug":"proponen-desarrollar-el-primer-mundial-de-hockey-de-playa-y-el-world-beach-hockey-tour","status":"publish","type":"post","link":"https:\/\/noticel.com\/en\/deportes\/20260903\/proponen-desarrollar-el-primer-mundial-de-hockey-de-playa-y-el-world-beach-hockey-tour\/","title":{"rendered":"Proponen desarrollar el primer Mundial de hockey de playa y el \u201cWorld Beach Hockey Tour\u201d"},"content":{"rendered":"<p>El presidente de la World Beach Hockey, el puertorrique\u00f1o V\u00edctor Mart\u00ednez, present\u00f3 recientemente la propuesta de lo que ser\u00eda el primer campeonato mundial de esa modalidad y el inicio de lo que se conocer\u00eda como el \u201cWorld Beach Hockey Tour\u201d.<\/p>\n\n\n\n<p>Mart\u00ednez present\u00f3 la idea durante la Copa Mundial de Hockey en B\u00e9lgica con el prop\u00f3sito de promover el desarrollo de la modalidad novel.<\/p>\n\n\n\n<p>\u201cTuvimos varias presentaciones y reuniones en las que discutimos lo que ser\u00e1 la primera edici\u00f3n de los nuevos eventos mundiales de beach hockey. El proyecto est\u00e1 enfocado en el desarrollo y la promoci\u00f3n de nuestro deporte, adem\u00e1s de iniciar un sistema de ranking mundial. La idea es establecer festivales regionales en los que participen entre cuatro y seis pa\u00edses. Estos festivales no ser\u00e1n solamente competencias deportivas; tambi\u00e9n queremos incluir categor\u00edas infantiles y juveniles, espacios culturales, m\u00fasica y otras actividades que permitan integrar a las comunidades\u201d, expres\u00f3 Mart\u00ednez.<\/p>\n\n\n\n<p>Uno de los momentos m\u00e1s destacados de su visita fue una reuni\u00f3n internacional organizada por la Federaci\u00f3n Internacional de Hockey (FIH), que congreg\u00f3 al presidente de la FIH, Tayyab Ikram, a representantes de m\u00e1s de 80 federaciones nacionales, as\u00ed como a socios y patrocinadores internacionales.<\/p>\n\n\n\n<p>World Beach Hockey tambi\u00e9n est\u00e1 buscando sedes en Am\u00e9rica para desarrollar estos festivales regionales de WBH. \u201cQueremos que diferentes pa\u00edses del continente tengan la oportunidad de ser parte de este proyecto y que los festivales sirvan como una plataforma para desarrollar el deporte desde las categor\u00edas menores hasta el nivel internacional. En la parte competitiva internacional, los equipos podr\u00e1n acumular puntos que servir\u00e1n para establecer un posicionamiento dentro del ranking mundial. El plan es desarrollar, a nivel continental, una competencia con los equipos mejor clasificados, que posteriormente puedan tener la oportunidad de clasificar al Mundial\u201d, dijo el titular de la WBH.<\/p><div class=\"notic-content-middle\" id=\"notic-2161627355\"><div class=\"notic-adlabel\">Advertisements<\/div><a data-no-instant=\"1\" href=\"https:\/\/www.asegurate-bien.com\/\" rel=\"noopener\" class=\"a2t-link\" target=\"_blank\" aria-label=\"Acodese-Adaptaciones-Noticel-300&#215;600\"><img loading=\"lazy\" decoding=\"async\" src=\"https:\/\/cdn.noticel.com\/2026\/05\/30094652\/Acodese-Adaptaciones-Noticel-300x600-1.jpg\" alt=\"\"  srcset=\"https:\/\/cdn.noticel.com\/2026\/05\/30094652\/Acodese-Adaptaciones-Noticel-300x600-1.jpg 300w, https:\/\/cdn.noticel.com\/2026\/05\/30094652\/Acodese-Adaptaciones-Noticel-300x600-1-150x300.jpg 150w, https:\/\/cdn.noticel.com\/2026\/05\/30094652\/Acodese-Adaptaciones-Noticel-300x600-1-6x12.jpg 6w\" sizes=\"(max-width: 300px) 100vw, 300px\" width=\"300\" height=\"600\"   \/><\/a><\/div>\n\n\n\n<p>Tambi\u00e9n se present\u00f3 la creaci\u00f3n del World Beach Hockey Tour, que podr\u00eda comenzar en marzo de 2027. \u201cYa hemos dialogado con dos pa\u00edses que han mostrado inter\u00e9s en convertirse en algunas de las primeras sedes: Egipto y Om\u00e1n\u201d, agreg\u00f3.<\/p>\n\n\n\n<p>\u201cEstamos muy entusiasmados con lo que viene. Este proyecto busca no solamente organizar competencias, sino crear una estructura que permita que el beach hockey siga creciendo, que m\u00e1s pa\u00edses se integren y que jugadores de todas las edades tengan nuevas oportunidades para participar y desarrollarse\u201d, coment\u00f3 Mart\u00ednez sobre las gestiones realizadas durante su visita a B\u00e9lgica.<\/p>\n\n\n\n<p>Durante su estancia en la Copa del Mundo, Mart\u00ednez tuvo, junto al secretario general, una serie de reuniones con federaciones nacionales, organizaciones de hockey y posibles socios para abordar el desarrollo y la promoci\u00f3n del beach hockey en todo el mundo.<\/p>\n\n\n\n<p>La organizaci\u00f3n World Beach Hockey fue reconocida en el 2023 por la Federaci\u00f3n Internacional de Hockey. En Puerto Rico esta modalidad ha comenzado a despuntar con presencia en festivales ol\u00edmpicos y otros organizados por el Departamento de Recreaci\u00f3n y Deportes.<\/p>","protected":false},"excerpt":{"rendered":"<p>El presidente de la World Beach Hockey, el puertorrique\u00f1o V\u00edctor Mart\u00ednez, present\u00f3 recientemente la propuesta de lo que ser\u00eda el primer campeonato mundial de esa modalidad y el inicio de lo que se conocer\u00eda como el \u201cWorld Beach Hockey Tour\u201d. Mart\u00ednez present\u00f3 la idea durante la Copa Mundial de Hockey en B\u00e9lgica con el prop\u00f3sito [&hellip;]<\/p>","protected":false},"author":100,"featured_media":1022208,"comment_status":"open","ping_status":"open","sticky":false,"template":"","format":"standard","meta":{"_acf_changed":false,"_monsterinsights_skip_tracking":false,"ep_exclude_from_search":false,"footnotes":""},"categories":[31],"tags":[531,4094,6940],"class_list":["post-1022206","post","type-post","status-publish","format-standard","has-post-thumbnail","hentry","category-deportes","tag-campeonato-mundial","tag-hockey-de-playa","tag-propuestas"],"acf":[],"aioseo_notices":[],"_links":{"self":[{"href":"https:\/\/noticel.com\/en\/wp-json\/wp\/v2\/posts\/1022206","targetHints":{"allow":["GET"]}}],"collection":[{"href":"https:\/\/noticel.com\/en\/wp-json\/wp\/v2\/posts"}],"about":[{"href":"https:\/\/noticel.com\/en\/wp-json\/wp\/v2\/types\/post"}],"author":[{"embeddable":true,"href":"https:\/\/noticel.com\/en\/wp-json\/wp\/v2\/users\/100"}],"replies":[{"embeddable":true,"href":"https:\/\/noticel.com\/en\/wp-json\/wp\/v2\/comments?post=1022206"}],"version-history":[{"count":1,"href":"https:\/\/noticel.com\/en\/wp-json\/wp\/v2\/posts\/1022206\/revisions"}],"predecessor-version":[{"id":1022209,"href":"https:\/\/noticel.com\/en\/wp-json\/wp\/v2\/posts\/1022206\/revisions\/1022209"}],"wp:featuredmedia":[{"embeddable":true,"href":"https:\/\/noticel.com\/en\/wp-json\/wp\/v2\/media\/1022208"}],"wp:attachment":[{"href":"https:\/\/noticel.com\/en\/wp-json\/wp\/v2\/media?parent=1022206"}],"wp:term":[{"taxonomy":"category","embeddable":true,"href":"https:\/\/noticel.com\/en\/wp-json\/wp\/v2\/categories?post=1022206"},{"taxonomy":"post_tag","embeddable":true,"href":"https:\/\/noticel.com\/en\/wp-json\/wp\/v2\/tags?post=1022206"}],"curies":[{"name":"wp","href":"https:\/\/api.w.org\/{rel}","templated":true}]}}