{"id":1022203,"date":"2026-09-03T07:04:15","date_gmt":"2026-09-03T11:04:15","guid":{"rendered":""},"modified":"2026-09-03T07:10:24","modified_gmt":"2026-09-03T11:10:24","slug":"reportan-un-doble-asesinato-en-penuelas","status":"publish","type":"post","link":"https:\/\/noticel.com\/en\/noticias\/20260903\/reportan-un-doble-asesinato-en-penuelas\/","title":{"rendered":"Reportan un doble asesinato en Pe\u00f1uelas"},"content":{"rendered":"<p>Las autoridades investigan un doble asesinato reportado a eso de las 9:58 de la noche del mi\u00e9rcoles en la PR-383, intersecci\u00f3n desvi\u00f3 3132, en Pe\u00f1uelas.<\/p>\n\n\n\n<p>Seg\u00fan el reporte de la Polic\u00eda, una llamada a trav\u00e9s del Sistema de Emergencias 9-1-1 alert\u00f3 a la polic\u00eda sobre disparos en el lugar. Al llegar a la escena, los agentes encontraron dentro de un veh\u00edculo Toyota, Corolla, color gris los cad\u00e1veres baleados de dos hombres<\/p><div class=\"notic-content-middle\" id=\"notic-2567855620\"><div class=\"notic-adlabel\">Advertisements<\/div><a data-no-instant=\"1\" href=\"https:\/\/qrco.de\/bgxd5v\" rel=\"noopener\" class=\"a2t-link\" target=\"_blank\" aria-label=\"DisplayAd-970&#215;902\"><img loading=\"lazy\" decoding=\"async\" src=\"https:\/\/cdn.noticel.com\/2026\/09\/02200210\/DisplayAd-970x902-1.jpg\" alt=\"\"  srcset=\"https:\/\/cdn.noticel.com\/2026\/09\/02200210\/DisplayAd-970x902-1.jpg 970w, https:\/\/cdn.noticel.com\/2026\/09\/02200210\/DisplayAd-970x902-1-300x28.jpg 300w, https:\/\/cdn.noticel.com\/2026\/09\/02200210\/DisplayAd-970x902-1-768x71.jpg 768w, https:\/\/cdn.noticel.com\/2026\/09\/02200210\/DisplayAd-970x902-1-18x2.jpg 18w\" sizes=\"(max-width: 970px) 100vw, 970px\" width=\"970\" height=\"90\"   \/><\/a><\/div>\n\n\n\n<p>El agente Jos\u00e9 Gonz\u00e1lez Alameda, adscrito a la Divisi\u00f3n de Homicidios del Cuerpo de investigaciones Criminales de Ponce y el fiscal Alberto Flores Berm\u00fadez investigan.<\/p>\n\n\n\n<p><\/p>","protected":false},"excerpt":{"rendered":"<p>Las autoridades investigan un doble asesinato reportado a eso de las 9:58 de la noche del mi\u00e9rcoles en la PR-383, intersecci\u00f3n desvi\u00f3 3132, en Pe\u00f1uelas. Seg\u00fan el reporte de la Polic\u00eda, una llamada a trav\u00e9s del Sistema de Emergencias 9-1-1 alert\u00f3 a la polic\u00eda sobre disparos en el lugar. Al llegar a la escena, los [&hellip;]<\/p>","protected":false},"author":101,"featured_media":968181,"comment_status":"open","ping_status":"open","sticky":false,"template":"","format":"standard","meta":{"_acf_changed":false,"_monsterinsights_skip_tracking":false,"ep_exclude_from_search":false,"footnotes":""},"categories":[3,15],"tags":[142,211],"class_list":["post-1022203","post","type-post","status-publish","format-standard","has-post-thumbnail","hentry","category-noticias","category-policiacas","tag-asesinato","tag-penuelas"],"acf":[],"aioseo_notices":[],"_links":{"self":[{"href":"https:\/\/noticel.com\/en\/wp-json\/wp\/v2\/posts\/1022203","targetHints":{"allow":["GET"]}}],"collection":[{"href":"https:\/\/noticel.com\/en\/wp-json\/wp\/v2\/posts"}],"about":[{"href":"https:\/\/noticel.com\/en\/wp-json\/wp\/v2\/types\/post"}],"author":[{"embeddable":true,"href":"https:\/\/noticel.com\/en\/wp-json\/wp\/v2\/users\/101"}],"replies":[{"embeddable":true,"href":"https:\/\/noticel.com\/en\/wp-json\/wp\/v2\/comments?post=1022203"}],"version-history":[{"count":1,"href":"https:\/\/noticel.com\/en\/wp-json\/wp\/v2\/posts\/1022203\/revisions"}],"predecessor-version":[{"id":1022204,"href":"https:\/\/noticel.com\/en\/wp-json\/wp\/v2\/posts\/1022203\/revisions\/1022204"}],"wp:featuredmedia":[{"embeddable":true,"href":"https:\/\/noticel.com\/en\/wp-json\/wp\/v2\/media\/968181"}],"wp:attachment":[{"href":"https:\/\/noticel.com\/en\/wp-json\/wp\/v2\/media?parent=1022203"}],"wp:term":[{"taxonomy":"category","embeddable":true,"href":"https:\/\/noticel.com\/en\/wp-json\/wp\/v2\/categories?post=1022203"},{"taxonomy":"post_tag","embeddable":true,"href":"https:\/\/noticel.com\/en\/wp-json\/wp\/v2\/tags?post=1022203"}],"curies":[{"name":"wp","href":"https:\/\/api.w.org\/{rel}","templated":true}]}}