{"id":1022197,"date":"2026-09-03T06:34:40","date_gmt":"2026-09-03T10:34:40","guid":{"rendered":""},"modified":"2026-09-03T06:42:03","modified_gmt":"2026-09-03T10:42:03","slug":"se-reanudan-los-concursos-de-saltos-del-deporte-ecuestre","status":"publish","type":"post","link":"https:\/\/noticel.com\/en\/deportes\/20260903\/se-reanudan-los-concursos-de-saltos-del-deporte-ecuestre\/","title":{"rendered":"Se reanudan los concursos de saltos del deporte ecuestre"},"content":{"rendered":"<p>El jinete Gabriel Reyes sobresali\u00f3 con tres triunfos en el sexto concurso de salto que reactiv\u00f3 la temporada de la Federaci\u00f3n Puertorrique\u00f1a de Deportes Ecuestres.<\/p>\n\n\n\n<p>Luego del receso de verano, la Federaci\u00f3n reactiv\u00f3 la temporada 2026 con su sexto concurso en la Hacienda 8A.<\/p>\n\n\n\n<p>Gabriel Reyes se impuso en la altura de 1.10 metros en los saltos del s\u00e1bado y domingo; adem\u00e1s, se impuso en 1.00 metros.<\/p>\n\n\n\n<p>Mientras, la jinete Mikaela Cerra Vi\u00f1as se impuso en .80 metros en la primera y segunda ronda. En la categor\u00eda .80 JN, en ambas rondas, domin\u00f3 Abigail Ortiz consiguiendo dos victorias.<\/p><div class=\"notic-content-middle\" id=\"notic-1334294917\"><div class=\"notic-adlabel\">Advertisements<\/div><a data-no-instant=\"1\" href=\"https:\/\/qrco.de\/bgxd5v\" rel=\"noopener\" class=\"a2t-link\" target=\"_blank\" aria-label=\"300X600-SEBUSCA\"><img loading=\"lazy\" decoding=\"async\" src=\"https:\/\/cdn.noticel.com\/2026\/09\/02194007\/300X600-SEBUSCA.jpg\" alt=\"\"  srcset=\"https:\/\/cdn.noticel.com\/2026\/09\/02194007\/300X600-SEBUSCA.jpg 300w, https:\/\/cdn.noticel.com\/2026\/09\/02194007\/300X600-SEBUSCA-150x300.jpg 150w, https:\/\/cdn.noticel.com\/2026\/09\/02194007\/300X600-SEBUSCA-6x12.jpg 6w\" sizes=\"(max-width: 300px) 100vw, 300px\" width=\"300\" height=\"600\"   \/><\/a><\/div>\n\n\n\n<p>\u201cFue una buena jornada durante ambos d\u00edas, para regresar a la competencia luego de un productivo verano. Felicitamos a todos los jinetes que presentaron una gran competencia\u201d, dijo la presidenta de la Federaci\u00f3n, Mildred Col\u00f3n.<\/p>\n\n\n\n<p>Otros ganadores del concurso fueron 0.80 master, Benjam\u00edn Caraballo; 1.00 B, Jilianne Rivera (s\u00e1bado), 1.00 A y B el domingo fueron dominados por Angela Pag\u00e1n y Matilde Bellosta, respectivamente. En 1.20, Nicole Ubi\u00f1as (s\u00e1bado), Alana Rivera (domingo) y en 1.30 se impuso Israel L\u00f3pez.<\/p>\n\n\n\n<p>El pr\u00f3ximo concurso ser\u00e1 el 26 y 27 de septiembre en la Hacienda 8A de Las Piedras.<\/p>","protected":false},"excerpt":{"rendered":"<p>El jinete Gabriel Reyes sobresali\u00f3 con tres triunfos en el sexto concurso de salto que reactiv\u00f3 la temporada de la Federaci\u00f3n Puertorrique\u00f1a de Deportes Ecuestres. Luego del receso de verano, la Federaci\u00f3n reactiv\u00f3 la temporada 2026 con su sexto concurso en la Hacienda 8A. Gabriel Reyes se impuso en la altura de 1.10 metros en [&hellip;]<\/p>","protected":false},"author":100,"featured_media":1022198,"comment_status":"open","ping_status":"open","sticky":false,"template":"","format":"standard","meta":{"_acf_changed":false,"_monsterinsights_skip_tracking":false,"ep_exclude_from_search":false,"footnotes":""},"categories":[31],"tags":[1515,476],"class_list":["post-1022197","post","type-post","status-publish","format-standard","has-post-thumbnail","hentry","category-deportes","tag-concurso-de-saltos","tag-deporte-ecuestre"],"acf":[],"aioseo_notices":[],"_links":{"self":[{"href":"https:\/\/noticel.com\/en\/wp-json\/wp\/v2\/posts\/1022197","targetHints":{"allow":["GET"]}}],"collection":[{"href":"https:\/\/noticel.com\/en\/wp-json\/wp\/v2\/posts"}],"about":[{"href":"https:\/\/noticel.com\/en\/wp-json\/wp\/v2\/types\/post"}],"author":[{"embeddable":true,"href":"https:\/\/noticel.com\/en\/wp-json\/wp\/v2\/users\/100"}],"replies":[{"embeddable":true,"href":"https:\/\/noticel.com\/en\/wp-json\/wp\/v2\/comments?post=1022197"}],"version-history":[{"count":1,"href":"https:\/\/noticel.com\/en\/wp-json\/wp\/v2\/posts\/1022197\/revisions"}],"predecessor-version":[{"id":1022199,"href":"https:\/\/noticel.com\/en\/wp-json\/wp\/v2\/posts\/1022197\/revisions\/1022199"}],"wp:featuredmedia":[{"embeddable":true,"href":"https:\/\/noticel.com\/en\/wp-json\/wp\/v2\/media\/1022198"}],"wp:attachment":[{"href":"https:\/\/noticel.com\/en\/wp-json\/wp\/v2\/media?parent=1022197"}],"wp:term":[{"taxonomy":"category","embeddable":true,"href":"https:\/\/noticel.com\/en\/wp-json\/wp\/v2\/categories?post=1022197"},{"taxonomy":"post_tag","embeddable":true,"href":"https:\/\/noticel.com\/en\/wp-json\/wp\/v2\/tags?post=1022197"}],"curies":[{"name":"wp","href":"https:\/\/api.w.org\/{rel}","templated":true}]}}