{"id":1022193,"date":"2026-09-03T06:19:51","date_gmt":"2026-09-03T10:19:51","guid":{"rendered":""},"modified":"2026-09-03T06:24:41","modified_gmt":"2026-09-03T10:24:41","slug":"hoy-estara-mayormente-soleado-con-algunos-aguaceros-dispersos","status":"publish","type":"post","link":"https:\/\/noticel.com\/en\/noticias\/20260903\/hoy-estara-mayormente-soleado-con-algunos-aguaceros-dispersos\/","title":{"rendered":"Hoy estar\u00e1 mayormente soleado con algunos aguaceros dispersos"},"content":{"rendered":"<p>En la ma\u00f1ana se esperan aguaceros adicionales sobre el este de Puerto Rico. Para la tarde se desarrollar\u00e1n aguaceros y tronadas m\u00e1s fuertes debido a la humedad que permanece sobre la regi\u00f3n y a los efectos locales.<\/p>\n\n\n\n<p>Una onda tropical d\u00e9bil aumentar\u00e1 los aguaceros y producir\u00e1 algunas tronadas entre viernes y s\u00e1bado. Algunos sectores podr\u00edan recibir lluvias localmente moderadas. Podr\u00edan ocurrir acumulaciones de agua e inundaciones localizadas en zonas urbanas, carreteras y cerca de peque\u00f1as quebradas.<\/p>\n\n\n\n<p>Las condiciones calurosas continuar\u00e1n durante los pr\u00f3ximos d\u00edas, particularmente en las zonas costeras y urbanas y en los valles de menor elevaci\u00f3n. Hay una advertencia de calor vigente desde las 10:00 a.m. hasta las 4:00 p.m.<\/p><div class=\"notic-content-middle\" id=\"notic-4007376295\"><div class=\"notic-adlabel\">Advertisements<\/div><a data-no-instant=\"1\" href=\"https:\/\/qrco.de\/bgxd5v\" rel=\"noopener\" class=\"a2t-link\" target=\"_blank\" aria-label=\"DisplayAds-300&#215;250\"><img loading=\"lazy\" decoding=\"async\" src=\"https:\/\/cdn.noticel.com\/2026\/09\/02200431\/DisplayAds-300x250-1.jpg\" alt=\"\"  srcset=\"https:\/\/cdn.noticel.com\/2026\/09\/02200431\/DisplayAds-300x250-1.jpg 300w, https:\/\/cdn.noticel.com\/2026\/09\/02200431\/DisplayAds-300x250-1-14x12.jpg 14w\" sizes=\"(max-width: 300px) 100vw, 300px\" width=\"300\" height=\"250\"   \/><\/a><\/div>\n\n\n\n<p>Durante los pr\u00f3ximos d\u00edas continuar\u00e1 un riesgo bajo de corrientes marinas. Sin embargo, todav\u00eda pueden ocurrir corrientes peligrosas, particularmente cerca de rompeolas, espigones, arrecifes y muelles.<\/p>\n\n\n\n<p>Para hoy, aguaceros aislados antes de las 3:00 p.m. Mayormente soleado, con temperatura m\u00e1xima cercana a 91 \u00b0F. El \u00edndice de calor podr\u00eda alcanzar 104 \u00b0F. Viento del este-noreste entre 7 y 14 mph, con r\u00e1fagas de hasta 20 mph. Probabilidad de lluvia de 20 %.<\/p>\n\n\n\n<p>Esta noche, mayormente despejado, con temperatura m\u00ednima cercana a 80 \u00b0F. Viento del sureste entre 6 y 9 mph.<\/p>","protected":false},"excerpt":{"rendered":"<p>En la ma\u00f1ana se esperan aguaceros adicionales sobre el este de Puerto Rico. Para la tarde se desarrollar\u00e1n aguaceros y tronadas m\u00e1s fuertes debido a la humedad que permanece sobre la regi\u00f3n y a los efectos locales. Una onda tropical d\u00e9bil aumentar\u00e1 los aguaceros y producir\u00e1 algunas tronadas entre viernes y s\u00e1bado. Algunos sectores podr\u00edan [&hellip;]<\/p>","protected":false},"author":101,"featured_media":998467,"comment_status":"open","ping_status":"open","sticky":false,"template":"","format":"standard","meta":{"_acf_changed":false,"_monsterinsights_skip_tracking":false,"ep_exclude_from_search":false,"footnotes":""},"categories":[18,3],"tags":[728,163,284,522,523],"class_list":["post-1022193","post","type-post","status-publish","format-standard","has-post-thumbnail","hentry","category-el-tiempo","category-noticias","tag-advertencia-de-calor","tag-lluvias","tag-oleaje","tag-temperatura","tag-vientos"],"acf":[],"aioseo_notices":[],"_links":{"self":[{"href":"https:\/\/noticel.com\/en\/wp-json\/wp\/v2\/posts\/1022193","targetHints":{"allow":["GET"]}}],"collection":[{"href":"https:\/\/noticel.com\/en\/wp-json\/wp\/v2\/posts"}],"about":[{"href":"https:\/\/noticel.com\/en\/wp-json\/wp\/v2\/types\/post"}],"author":[{"embeddable":true,"href":"https:\/\/noticel.com\/en\/wp-json\/wp\/v2\/users\/101"}],"replies":[{"embeddable":true,"href":"https:\/\/noticel.com\/en\/wp-json\/wp\/v2\/comments?post=1022193"}],"version-history":[{"count":1,"href":"https:\/\/noticel.com\/en\/wp-json\/wp\/v2\/posts\/1022193\/revisions"}],"predecessor-version":[{"id":1022194,"href":"https:\/\/noticel.com\/en\/wp-json\/wp\/v2\/posts\/1022193\/revisions\/1022194"}],"wp:featuredmedia":[{"embeddable":true,"href":"https:\/\/noticel.com\/en\/wp-json\/wp\/v2\/media\/998467"}],"wp:attachment":[{"href":"https:\/\/noticel.com\/en\/wp-json\/wp\/v2\/media?parent=1022193"}],"wp:term":[{"taxonomy":"category","embeddable":true,"href":"https:\/\/noticel.com\/en\/wp-json\/wp\/v2\/categories?post=1022193"},{"taxonomy":"post_tag","embeddable":true,"href":"https:\/\/noticel.com\/en\/wp-json\/wp\/v2\/tags?post=1022193"}],"curies":[{"name":"wp","href":"https:\/\/api.w.org\/{rel}","templated":true}]}}