{"id":102218,"date":"2016-07-14T16:10:00","date_gmt":"2016-07-14T20:10:00","guid":{"rendered":"http:\/\/www.noticel.com\/ahora\/gobierno\/la-calle\/policia\/20160714\/fuerte-movilizacion-contra-el-alcohol-en-las-carreteras-este-verano\/"},"modified":"2025-07-25T16:17:07","modified_gmt":"2025-07-25T16:17:07","slug":"fuerte-movilizacion-contra-el-alcohol-en-las-carreteras-este-verano","status":"publish","type":"post","link":"https:\/\/noticel.com\/en\/ultima-hora\/20160714\/fuerte-movilizacion-contra-el-alcohol-en-las-carreteras-este-verano\/","title":{"rendered":"Fuerte movilizaci\u00f3n contra el alcohol en las carreteras este verano"},"content":{"rendered":"<p>El director ejecutivo de la Comisi\u00f3n para la Seguridad en el Tr\u00e1nsito (CST), Jose Delgado Ortiz, anunci\u00f3 el jueves una ofensiva educativa y movilizaci\u00f3n policiaca esta temporada alta del verano dirigida a evitar fatalidades y lesiones graves en las carreteras a causa de esa conducta criminal al volante.<\/p>\n<p>La campa\u00f1a, que se extender\u00e1 del 15 de julio al 7 de agosto, contar\u00e1 con la participaci\u00f3n de la Polic\u00eda estatal y las uniformadas municipales de Vega Baja, Isabela, Hatillo, Guaynabo, San Juan y Yauco.<\/p>\n<p>El operativo de la Polic\u00eda de Puerto Rico y de las seis uniformadas municipales consiste en bloqueos selectivos y un patrullaje intensivo en toda la Isla para intervenir con los conductores ebrios y otros infractores de la Ley 22 de Veh\u00edculos y Tr\u00e1nsito. El plan de vigilancia se extender\u00e1 en un horario de 6:00 de la tarde a 6:00 de la ma\u00f1ana.<\/p>\n<p>La movilizaci\u00f3n, cuyo mensaje principal es &#8216;Guiar borracho, es un crimen ser\u00e1s arrestado&#8217;, conlleva una inversi\u00f3n de 57,885 d\u00f3lares para el pago de horas extras de los polic\u00edas municipales participantes, 203,556.79 d\u00f3lares en polic\u00edas estatales y de 235,200 d\u00f3lares en pautas de anuncios en prensa escrita, radio, televisi\u00f3n, Internet, redes sociales y otros medios t\u00e1cticos.<\/p><div class=\"notic-content-middle\" id=\"notic-386158965\"><div class=\"notic-adlabel\">Advertisements<\/div><a data-no-instant=\"1\" href=\"https:\/\/www.asegurate-bien.com\/\" rel=\"noopener\" class=\"a2t-link\" target=\"_blank\" aria-label=\"Acodese-Adaptaciones-Noticel-970&#215;90\"><img loading=\"lazy\" decoding=\"async\" src=\"https:\/\/cdn.noticel.com\/2026\/07\/30100146\/Acodese-Adaptaciones-Noticel-970x90-1.jpg\" alt=\"\"  srcset=\"https:\/\/cdn.noticel.com\/2026\/07\/30100146\/Acodese-Adaptaciones-Noticel-970x90-1.jpg 970w, https:\/\/cdn.noticel.com\/2026\/07\/30100146\/Acodese-Adaptaciones-Noticel-970x90-1-300x28.jpg 300w, https:\/\/cdn.noticel.com\/2026\/07\/30100146\/Acodese-Adaptaciones-Noticel-970x90-1-768x71.jpg 768w, https:\/\/cdn.noticel.com\/2026\/07\/30100146\/Acodese-Adaptaciones-Noticel-970x90-1-18x2.jpg 18w\" sizes=\"(max-width: 970px) 100vw, 970px\" width=\"970\" height=\"90\"   \/><\/a><\/div>\n<p>Delgado Ortiz indic\u00f3 que ocasionar alguna lesi\u00f3n corporal o da\u00f1o permanente a una persona por conducir bajo los efectos de bebidas embriagantes conlleva una pena fija de tres a\u00f1os en c\u00e1rcel. &#8216;De provocar la muerte a otra persona, es un delito grave que conlleva una pena fija de 15 a\u00f1os en prisi\u00f3n. Por lo tanto, los conductores deben tener muy presente cu\u00e1les son las consecuencias de guiar borracho, y tal vez as\u00ed adquieran conciencia sobre la conveniencia de frenar a tiempo el consumo de alcohol&#8217;, enfatiz\u00f3.<\/p>\n<p>Las estad\u00edsticas preliminares revelan que en 2015 fallecieron 310 personas en choques de tr\u00e1nsito, de las cuales un 30 por ciento aproximadamente se atribuyen al manejo bajo los efectos del alcohol. Un informe de NHTSA (National Highway Traffic Safety Administration) sostiene que un per\u00edodo de 10 a\u00f1os, de 2005 a 2014, fallecieron 1,199 conductores en estado de embriaguez. Otro dato refleja que del 2012 al 2014 el 63 por ciento de los conductores que muere en una colisi\u00f3n excedieron el l\u00edmite de alcohol permitido por ley.<\/p>\n<p>Delgado Ortiz recomend\u00f3 tambi\u00e9n el uso del cintur\u00f3n de seguridad y la colocaci\u00f3n del asiento protector para los ni\u00f1os hasta los nueve a\u00f1os de edad en la parte trasera del veh\u00edculo. Asimismo, pidi\u00f3 a los motociclistas usar un casco protector y la vestimenta adecuada como establece la ley. Mientras, urgi\u00f3 a los ciclistas a cumplir con las normas de seguridad vial y precauci\u00f3n m\u00e1s b\u00e1sicas, como son mantener una distancia de cuando menos tres pies de los veh\u00edculos, usar un casco siempre ajustado y una vestimenta de colores llamativos que permitan su visualizaci\u00f3n, tanto de d\u00eda como de noche.<\/p>","protected":false},"excerpt":{"rendered":"<p>El director ejecutivo de la Comisi\u00f3n para la Seguridad en el Tr\u00e1nsito (CST), Jose Delgado Ortiz, anunci\u00f3 el jueves una ofensiva educativa y movilizaci\u00f3n policiaca esta temporada alta del verano dirigida a evitar fatalidades y lesiones graves en las carreteras a causa de esa conducta criminal al volante. La campa\u00f1a, que se extender\u00e1 del 15 [&hellip;]<\/p>","protected":false},"author":0,"featured_media":575216,"comment_status":"closed","ping_status":"closed","sticky":false,"template":"","format":"standard","meta":{"_acf_changed":false,"_monsterinsights_skip_tracking":false,"ep_exclude_from_search":false,"footnotes":""},"categories":[4,12,2],"tags":[],"class_list":["post-102218","post","type-post","status-publish","format-standard","has-post-thumbnail","hentry","category-gobierno","category-la-calle","category-ultima-hora"],"acf":[],"aioseo_notices":[],"_links":{"self":[{"href":"https:\/\/noticel.com\/en\/wp-json\/wp\/v2\/posts\/102218","targetHints":{"allow":["GET"]}}],"collection":[{"href":"https:\/\/noticel.com\/en\/wp-json\/wp\/v2\/posts"}],"about":[{"href":"https:\/\/noticel.com\/en\/wp-json\/wp\/v2\/types\/post"}],"replies":[{"embeddable":true,"href":"https:\/\/noticel.com\/en\/wp-json\/wp\/v2\/comments?post=102218"}],"version-history":[{"count":1,"href":"https:\/\/noticel.com\/en\/wp-json\/wp\/v2\/posts\/102218\/revisions"}],"predecessor-version":[{"id":575231,"href":"https:\/\/noticel.com\/en\/wp-json\/wp\/v2\/posts\/102218\/revisions\/575231"}],"wp:featuredmedia":[{"embeddable":true,"href":"https:\/\/noticel.com\/en\/wp-json\/wp\/v2\/media\/575216"}],"wp:attachment":[{"href":"https:\/\/noticel.com\/en\/wp-json\/wp\/v2\/media?parent=102218"}],"wp:term":[{"taxonomy":"category","embeddable":true,"href":"https:\/\/noticel.com\/en\/wp-json\/wp\/v2\/categories?post=102218"},{"taxonomy":"post_tag","embeddable":true,"href":"https:\/\/noticel.com\/en\/wp-json\/wp\/v2\/tags?post=102218"}],"curies":[{"name":"wp","href":"https:\/\/api.w.org\/{rel}","templated":true}]}}