{"id":1022171,"date":"2026-09-02T22:50:58","date_gmt":"2026-09-03T02:50:58","guid":{"rendered":""},"modified":"2026-09-02T22:54:54","modified_gmt":"2026-09-03T02:54:54","slug":"tiroteo-en-mineapolis-deja-tres-muertos-incluido-el-atacante-y-seis-heridos","status":"publish","type":"post","link":"https:\/\/noticel.com\/en\/noticias\/20260902\/tiroteo-en-mineapolis-deja-tres-muertos-incluido-el-atacante-y-seis-heridos\/","title":{"rendered":"Tiroteo en Mine\u00e1polis deja tres muertos, incluido el atacante, y seis heridos"},"content":{"rendered":"<p><\/p>\n\n\n\n<p>NUEVA YORK \u2014 Un tiroteo ocurrido este mi\u00e9rcoles en un edificio de apartamentos en el centro de Mine\u00e1polis (Minesota, EE.UU.) ha dejado tres muertos, incluyendo al atacante, y seis heridos, de los cuales tres son polic\u00edas, seg\u00fan divulgaron las autoridades.<\/p>\n\n\n\n<p>El portavoz de la Polic\u00eda, Garrett Parten, dijo en una rueda de prensa que los agentes respondieron a llamadas de emergencia por disparos en un apartamento de un edificio residencial alto en la calle Grant poco despu\u00e9s de las 16:30 horas de la tarde.<\/p>\n\n\n\n<p>Al llegar al edificio, los agentes \u00abencontraron v\u00edctimas y escucharon disparos\u00bb, tras lo que llegaron al piso donde se estaba produciendo el tiroteo, en el que hab\u00eda \u00abuna bruma\u00bb que dificultaba su visibilidad y resultaron heridos tres de ellos, dos por disparos.<\/p>\n\n\n\n<p>\u00abEl presunto atacante est\u00e1 muerto y en este momento se desconoce c\u00f3mo muri\u00f3\u00bb, afirm\u00f3 el portavoz.<\/p>\n\n\n\n<p>El tiroteo, del que se investigan las causas, deja dos personas fallecidas: una en la escena del crimen y otra tras su traslado al hospital, agreg\u00f3.<\/p><div class=\"notic-content-middle\" id=\"notic-4202722877\"><div class=\"notic-adlabel\">Advertisements<\/div><a data-no-instant=\"1\" href=\"https:\/\/qrco.de\/bgxd5v\" rel=\"noopener\" class=\"a2t-link\" target=\"_blank\" aria-label=\"DisplayAd-728&#215;903\"><img loading=\"lazy\" decoding=\"async\" src=\"https:\/\/cdn.noticel.com\/2026\/09\/02195509\/DisplayAd-728x903-1.jpg\" alt=\"\"  srcset=\"https:\/\/cdn.noticel.com\/2026\/09\/02195509\/DisplayAd-728x903-1.jpg 728w, https:\/\/cdn.noticel.com\/2026\/09\/02195509\/DisplayAd-728x903-1-300x37.jpg 300w, https:\/\/cdn.noticel.com\/2026\/09\/02195509\/DisplayAd-728x903-1-18x2.jpg 18w\" sizes=\"(max-width: 728px) 100vw, 728px\" width=\"728\" height=\"90\"   \/><\/a><\/div>\n\n\n\n<p>Seis personas fueron trasladadas al hospital con heridas, incluyendo los tres polic\u00edas y tres civiles v\u00edctimas de disparos, complet\u00f3 Parten.<\/p>\n\n\n\n<p>La cuenta de X de la ciudad de Mine\u00e1polis indic\u00f3 que uno de los polic\u00edas fue sometido a cirug\u00eda y los otros dos tienen heridas no mortales.<\/p>\n\n\n\n<p>El suceso moviliz\u00f3 a las agencias del orden locales, estatales y federales, y mantuvo bloqueada el \u00e1rea buena parte de la tarde.<\/p>\n\n\n\n<p>Las autoridades, incluyendo al alcalde Jacob Frey y el gobernador Tim Walz, agradecieron el trabajo de los agentes y se solidarizaron con las v\u00edctimas en X.<\/p>","protected":false},"excerpt":{"rendered":"<p>NUEVA YORK \u2014 Un tiroteo ocurrido este mi\u00e9rcoles en un edificio de apartamentos en el centro de Mine\u00e1polis (Minesota, EE.UU.) ha dejado tres muertos, incluyendo al atacante, y seis heridos, de los cuales tres son polic\u00edas, seg\u00fan divulgaron las autoridades. El portavoz de la Polic\u00eda, Garrett Parten, dijo en una rueda de prensa que los [&hellip;]<\/p>","protected":false},"author":102,"featured_media":1022174,"comment_status":"open","ping_status":"open","sticky":false,"template":"","format":"standard","meta":{"_acf_changed":false,"_monsterinsights_skip_tracking":false,"ep_exclude_from_search":false,"footnotes":""},"categories":[4,3],"tags":[3506,3488,155],"class_list":["post-1022171","post","type-post","status-publish","format-standard","has-post-thumbnail","hentry","category-gobierno","category-noticias","tag-mineapolis","tag-minesota","tag-tiroteo"],"acf":[],"aioseo_notices":[],"_links":{"self":[{"href":"https:\/\/noticel.com\/en\/wp-json\/wp\/v2\/posts\/1022171","targetHints":{"allow":["GET"]}}],"collection":[{"href":"https:\/\/noticel.com\/en\/wp-json\/wp\/v2\/posts"}],"about":[{"href":"https:\/\/noticel.com\/en\/wp-json\/wp\/v2\/types\/post"}],"author":[{"embeddable":true,"href":"https:\/\/noticel.com\/en\/wp-json\/wp\/v2\/users\/102"}],"replies":[{"embeddable":true,"href":"https:\/\/noticel.com\/en\/wp-json\/wp\/v2\/comments?post=1022171"}],"version-history":[{"count":1,"href":"https:\/\/noticel.com\/en\/wp-json\/wp\/v2\/posts\/1022171\/revisions"}],"predecessor-version":[{"id":1022175,"href":"https:\/\/noticel.com\/en\/wp-json\/wp\/v2\/posts\/1022171\/revisions\/1022175"}],"wp:featuredmedia":[{"embeddable":true,"href":"https:\/\/noticel.com\/en\/wp-json\/wp\/v2\/media\/1022174"}],"wp:attachment":[{"href":"https:\/\/noticel.com\/en\/wp-json\/wp\/v2\/media?parent=1022171"}],"wp:term":[{"taxonomy":"category","embeddable":true,"href":"https:\/\/noticel.com\/en\/wp-json\/wp\/v2\/categories?post=1022171"},{"taxonomy":"post_tag","embeddable":true,"href":"https:\/\/noticel.com\/en\/wp-json\/wp\/v2\/tags?post=1022171"}],"curies":[{"name":"wp","href":"https:\/\/api.w.org\/{rel}","templated":true}]}}