{"id":1022085,"date":"2026-09-03T05:45:00","date_gmt":"2026-09-03T09:45:00","guid":{"rendered":""},"modified":"2026-09-03T07:02:28","modified_gmt":"2026-09-03T11:02:28","slug":"no-se-confie-falta-lo-peor-de-la-sequia-advierte-meteorologia","status":"publish","type":"post","link":"https:\/\/noticel.com\/en\/noticias\/20260903\/no-se-confie-falta-lo-peor-de-la-sequia-advierte-meteorologia\/","title":{"rendered":"No se conf\u00ede, falta lo peor de la sequ\u00eda, advierte Meteorolog\u00eda"},"content":{"rendered":"<p>La Administraci\u00f3n Gonz\u00e1lez Col\u00f3n estuvo informada de los datos climatol\u00f3gicos relevantes sobre la precipitaci\u00f3n en la isla y los pron\u00f3sticos de sequ\u00eda, consign\u00f3 el coordinador de avisos del Servicio Nacional de Meteorolog\u00eda (NWS en ingl\u00e9s), Ernesto Morales, a la vez que aclar\u00f3 que su agencia no tom\u00f3 parte en la decisi\u00f3n de suspender temporalmente el racionamiento.<\/p>\n\n\n\n<p>La gobernadora anunci\u00f3 el martes que suspend\u00eda temporalmente el racionamiento para los abonados de la Autoridad de Acueductis y Alcantarillados (AAA) que se suplen del embalse del lago Carra\u00edzo debido a la mejor\u00eda en su nivel por las lluvias del fin de semana. Al mi\u00e9rcoles en la noche, el gobierno no hab\u00eda precisado cu\u00e1ndo volver\u00edan a racionar el agua.<\/p>\n\n\n\n<p>Sin embargo, Morales advirti\u00f3 que las lluvias que pueden producirse durante la temporada de huracanes, hasta fin de noviembre, y las que puedan traer los frentes fr\u00edos de las \u00faltimas semanas de este a\u00f1o, no alteran que el a\u00f1o va a terminar con menos lluvia de la anticipada. Luego de eso, en los primeros meses de 2027, arrecia una temporada normalmente seca, que lo puede ser m\u00e1s a\u00fan por los efectos del fen\u00f3meno El Ni\u00f1o.<\/p>\n\n\n\n<p>\u201cSe le explic\u00f3 al equipo de la gobernadora\u2026 no estamos diciendo que no va a llover, va a llover, pero a\u00fan as\u00ed va a haber d\u00e9ficit de agua\u201d, apunt\u00f3 durante una actividad comunitaria el mi\u00e9rcoles en Cata\u00f1o. \u201cEllos tienen bien claro, porque se le ha dicho varias veces, que la sequ\u00eda continua\u2026 El Ni\u00f1o ni siquiera ha llegado al punto m\u00e1s fuerte\u201d, coment\u00f3.<\/p><div class=\"notic-content-middle\" id=\"notic-3981143110\"><div class=\"notic-adlabel\">Advertisements<\/div><a data-no-instant=\"1\" href=\"https:\/\/qrco.de\/bgxd5v\" rel=\"noopener\" class=\"a2t-link\" target=\"_blank\" aria-label=\"DisplayAd-728&#215;903\"><img loading=\"lazy\" decoding=\"async\" src=\"https:\/\/cdn.noticel.com\/2026\/09\/02195509\/DisplayAd-728x903-1.jpg\" alt=\"\"  srcset=\"https:\/\/cdn.noticel.com\/2026\/09\/02195509\/DisplayAd-728x903-1.jpg 728w, https:\/\/cdn.noticel.com\/2026\/09\/02195509\/DisplayAd-728x903-1-300x37.jpg 300w, https:\/\/cdn.noticel.com\/2026\/09\/02195509\/DisplayAd-728x903-1-18x2.jpg 18w\" sizes=\"(max-width: 728px) 100vw, 728px\" width=\"728\" height=\"90\"   \/><\/a><\/div>\n\n\n\n<p>Morales particip\u00f3, junto a la jefa de Meteorolog\u00eda de Wapa Televisi\u00f3n, Ada Monz\u00f3n, en una actividad de la Defensor\u00eda de las Personas con Impedimentos (DPI) en la que personas sordas, ciegas, con movilidad reducida y otros impedimentos repasaron sus planes de emergencia.<\/p>\n\n\n\n<p>\u201cLa misma informaci\u00f3n que recibe una persona sin impedimentos para prepararse ante un hurac\u00e1n debe llegar de manera accesible a las personas con impedimentos. Sin embargo, sus planes tienen que considerar necesidades particulares. Una persona sorda, una persona ciega, alguien que utiliza una silla de ruedas o quien depende de equipos m\u00e9dicos o energ\u00eda el\u00e9ctrica puede requerir una preparaci\u00f3n distinta. Por eso trajimos a estos expertos directamente a la comunidad, para que puedan preguntar, aprender y revisar sus planes antes de una emergencia\u201d, dijo el defensor de las Personas con Impedimentos, Fernando L. D\u00edaz Rivera.<\/p>\n\n\n\n<p>Monz\u00f3n abord\u00f3 los efectos del cambio clim\u00e1tico y c\u00f3mo estos inciden en los riesgos que enfrentan Puerto Rico y sus comunidades. Adem\u00e1s, destac\u00f3 durante su orientaci\u00f3n la importancia de la educaci\u00f3n, la comunicaci\u00f3n y la preparaci\u00f3n para comprender los cambios en el clima y tomar decisiones dirigidas a reducir riesgos. Mientras, Morales expuso sobre la importancia de comprender los pron\u00f3sticos y avisos oficiales. Explic\u00f3 c\u00f3mo las personas pueden incorporar esa informaci\u00f3n a sus planes de emergencia para tomar decisiones antes de que enfrenten una amenaza climatol\u00f3gica.<\/p>\n\n\n\n<p>Gisela Rosario, del Community Hub del Negociado para el Manejo de Emergencias y Administraci\u00f3n de Desastres (NMEAD) explic\u00f3 la importancia de que las comunidades se organicen antes de una emergencia e identifiquen las necesidades particulares de sus residentes. Como parte de esa planificaci\u00f3n, una comunidad debe conocer si entre sus vecinos hay personas sordas, ciegas, con movilidad reducida o que requieren alg\u00fan tipo de asistencia para responder adecuadamente cuando ocurre una emergencia.<\/p>","protected":false},"excerpt":{"rendered":"<p>La Administraci\u00f3n Gonz\u00e1lez Col\u00f3n estuvo informada de los datos climatol\u00f3gicos relevantes sobre la precipitaci\u00f3n en la isla y los pron\u00f3sticos de sequ\u00eda, consign\u00f3 el coordinador de avisos del Servicio Nacional de Meteorolog\u00eda (NWS en ingl\u00e9s), Ernesto Morales, a la vez que aclar\u00f3 que su agencia no tom\u00f3 parte en la decisi\u00f3n de suspender temporalmente el [&hellip;]<\/p>","protected":false},"author":100,"featured_media":1022087,"comment_status":"open","ping_status":"open","sticky":false,"template":"","format":"standard","meta":{"_acf_changed":false,"_monsterinsights_skip_tracking":false,"ep_exclude_from_search":false,"footnotes":""},"categories":[20,18,3],"tags":[1578,1783],"class_list":["post-1022085","post","type-post","status-publish","format-standard","has-post-thumbnail","hentry","category-clima","category-el-tiempo","category-noticias","tag-meteorologia","tag-snm"],"acf":[],"aioseo_notices":[],"_links":{"self":[{"href":"https:\/\/noticel.com\/en\/wp-json\/wp\/v2\/posts\/1022085","targetHints":{"allow":["GET"]}}],"collection":[{"href":"https:\/\/noticel.com\/en\/wp-json\/wp\/v2\/posts"}],"about":[{"href":"https:\/\/noticel.com\/en\/wp-json\/wp\/v2\/types\/post"}],"author":[{"embeddable":true,"href":"https:\/\/noticel.com\/en\/wp-json\/wp\/v2\/users\/100"}],"replies":[{"embeddable":true,"href":"https:\/\/noticel.com\/en\/wp-json\/wp\/v2\/comments?post=1022085"}],"version-history":[{"count":3,"href":"https:\/\/noticel.com\/en\/wp-json\/wp\/v2\/posts\/1022085\/revisions"}],"predecessor-version":[{"id":1022165,"href":"https:\/\/noticel.com\/en\/wp-json\/wp\/v2\/posts\/1022085\/revisions\/1022165"}],"wp:featuredmedia":[{"embeddable":true,"href":"https:\/\/noticel.com\/en\/wp-json\/wp\/v2\/media\/1022087"}],"wp:attachment":[{"href":"https:\/\/noticel.com\/en\/wp-json\/wp\/v2\/media?parent=1022085"}],"wp:term":[{"taxonomy":"category","embeddable":true,"href":"https:\/\/noticel.com\/en\/wp-json\/wp\/v2\/categories?post=1022085"},{"taxonomy":"post_tag","embeddable":true,"href":"https:\/\/noticel.com\/en\/wp-json\/wp\/v2\/tags?post=1022085"}],"curies":[{"name":"wp","href":"https:\/\/api.w.org\/{rel}","templated":true}]}}