{"id":1022084,"date":"2026-09-02T18:39:53","date_gmt":"2026-09-02T22:39:53","guid":{"rendered":""},"modified":"2026-09-02T19:41:44","modified_gmt":"2026-09-02T23:41:44","slug":"octogenaria-muere-ahogada-en-piscina-de-residencia-en-rio-piedras","status":"publish","type":"post","link":"https:\/\/noticel.com\/en\/noticias\/20260902\/octogenaria-muere-ahogada-en-piscina-de-residencia-en-rio-piedras\/","title":{"rendered":"Octogenaria muere ahogada en piscina de residencia en R\u00edo Piedras"},"content":{"rendered":"<p><\/p>\n\n\n\n<p>Agentes de la Polic\u00eda de Puerto Rico, adscritos al Precinto de R\u00edo Piedras, fueron alertados a eso de las 4:38 de la tarde de hoy, sobre un incidente desgraciado ocurrido en una residencia en la calle Plaza 10 de la urbanizaci\u00f3n Cambridge Park, en R\u00edo Piedras.<\/p>\n\n\n\n<p>Seg\u00fan se inform\u00f3, en el lugar se encontr\u00f3 a una octogenaria ahogada en el \u00e1rea de la piscina de una residencia.<\/p>\n\n\n\n<p>De acuerdo a datos preliminares, un hijo de la mujer lleg\u00f3 a la propiedad y encontr\u00f3 el cuerpo de su madre flotando en la piscina.<\/p><div class=\"notic-content-middle\" id=\"notic-2637838395\"><div class=\"notic-adlabel\">Advertisements<\/div><a data-no-instant=\"1\" href=\"https:\/\/www.asegurate-bien.com\/\" rel=\"noopener\" class=\"a2t-link\" target=\"_blank\" aria-label=\"Acodese-Adaptaciones-Noticel-970&#215;250\"><img loading=\"lazy\" decoding=\"async\" src=\"https:\/\/cdn.noticel.com\/2026\/05\/30100504\/Acodese-Adaptaciones-Noticel-970x250-1.jpg\" alt=\"\"  srcset=\"https:\/\/cdn.noticel.com\/2026\/05\/30100504\/Acodese-Adaptaciones-Noticel-970x250-1.jpg 970w, https:\/\/cdn.noticel.com\/2026\/05\/30100504\/Acodese-Adaptaciones-Noticel-970x250-1-300x77.jpg 300w, https:\/\/cdn.noticel.com\/2026\/05\/30100504\/Acodese-Adaptaciones-Noticel-970x250-1-768x198.jpg 768w, https:\/\/cdn.noticel.com\/2026\/05\/30100504\/Acodese-Adaptaciones-Noticel-970x250-1-18x5.jpg 18w\" sizes=\"(max-width: 970px) 100vw, 970px\" width=\"970\" height=\"250\"   \/><\/a><\/div>\n\n\n\n<p>Param\u00e9dicos llegaron hasta el lugar y certificaron junto con un m\u00e9dico la ausencia de signos vitales.<\/p>\n\n\n\n<p>Personal de la Divisi\u00f3n de Homicidios del C.I.C. de San Juan, en uni\u00f3n al fiscal de turno se hicieron cargo de la investigaci\u00f3n.<\/p>","protected":false},"excerpt":{"rendered":"<p>Agentes de la Polic\u00eda de Puerto Rico, adscritos al Precinto de R\u00edo Piedras, fueron alertados a eso de las 4:38 de la tarde de hoy, sobre un incidente desgraciado ocurrido en una residencia en la calle Plaza 10 de la urbanizaci\u00f3n Cambridge Park, en R\u00edo Piedras. Seg\u00fan se inform\u00f3, en el lugar se encontr\u00f3 a [&hellip;]<\/p>","protected":false},"author":100,"featured_media":1018896,"comment_status":"open","ping_status":"open","sticky":false,"template":"","format":"standard","meta":{"_acf_changed":false,"_monsterinsights_skip_tracking":false,"ep_exclude_from_search":false,"footnotes":""},"categories":[3,15],"tags":[1385,1513],"class_list":["post-1022084","post","type-post","status-publish","format-standard","has-post-thumbnail","hentry","category-noticias","category-policiacas","tag-ahogada","tag-rio-piedras-2"],"acf":[],"aioseo_notices":[],"_links":{"self":[{"href":"https:\/\/noticel.com\/en\/wp-json\/wp\/v2\/posts\/1022084","targetHints":{"allow":["GET"]}}],"collection":[{"href":"https:\/\/noticel.com\/en\/wp-json\/wp\/v2\/posts"}],"about":[{"href":"https:\/\/noticel.com\/en\/wp-json\/wp\/v2\/types\/post"}],"author":[{"embeddable":true,"href":"https:\/\/noticel.com\/en\/wp-json\/wp\/v2\/users\/100"}],"replies":[{"embeddable":true,"href":"https:\/\/noticel.com\/en\/wp-json\/wp\/v2\/comments?post=1022084"}],"version-history":[{"count":1,"href":"https:\/\/noticel.com\/en\/wp-json\/wp\/v2\/posts\/1022084\/revisions"}],"predecessor-version":[{"id":1022094,"href":"https:\/\/noticel.com\/en\/wp-json\/wp\/v2\/posts\/1022084\/revisions\/1022094"}],"wp:featuredmedia":[{"embeddable":true,"href":"https:\/\/noticel.com\/en\/wp-json\/wp\/v2\/media\/1018896"}],"wp:attachment":[{"href":"https:\/\/noticel.com\/en\/wp-json\/wp\/v2\/media?parent=1022084"}],"wp:term":[{"taxonomy":"category","embeddable":true,"href":"https:\/\/noticel.com\/en\/wp-json\/wp\/v2\/categories?post=1022084"},{"taxonomy":"post_tag","embeddable":true,"href":"https:\/\/noticel.com\/en\/wp-json\/wp\/v2\/tags?post=1022084"}],"curies":[{"name":"wp","href":"https:\/\/api.w.org\/{rel}","templated":true}]}}