{"id":1022080,"date":"2026-09-02T18:32:06","date_gmt":"2026-09-02T22:32:06","guid":{"rendered":""},"modified":"2026-09-02T18:38:47","modified_gmt":"2026-09-02T22:38:47","slug":"teen-challenge-abre-mes-de-la-recuperacion-con-congreso-sobre-salud-mental-y-adicciones","status":"publish","type":"post","link":"https:\/\/noticel.com\/en\/noticias\/20260902\/teen-challenge-abre-mes-de-la-recuperacion-con-congreso-sobre-salud-mental-y-adicciones\/","title":{"rendered":"Teen Challenge abre Mes de la Recuperaci\u00f3n con congreso sobre salud mental y adicciones"},"content":{"rendered":"<p><\/p>\n\n\n\n<p>El presidente y principal oficial ejecutivo de Teen Challenge Puerto Rico, Israel Figueroa Pastrana,&nbsp; inform\u00f3 el mi\u00e9rcoles, que inici\u00f3 el Mes de la Recuperaci\u00f3n de los Trastornos de Uso de Sustancias y Salud Mental con un congreso que reuni\u00f3 a profesionales, l\u00edderes comunitarios, organizaciones y representantes gubernamentales para discutir prevenci\u00f3n, tratamiento y recuperaci\u00f3n.<\/p>\n\n\n\n<p>\u201cEste Mes de la Recuperaci\u00f3n de los Trastornos de Uso de Sustancias y Salud Mental nos recuerda que la recuperaci\u00f3n es posible y que nadie tiene que recorrer ese camino solo\u201d, dijo Figueroa Pastrana, en declaraciones escritas.<\/p>\n\n\n\n<p>El Congreso Comunitario de Salud Mental y Adicciones 2026 se celebr\u00f3 en el Centro de Bellas Artes de Caguas bajo el lema \u201cJuntos construimos esperanza, sanaci\u00f3n y transformaci\u00f3n\u201d.<\/p>\n\n\n\n<p>Durante la jornada se discutieron asuntos relacionados con salud mental, adicciones, procesos de recuperaci\u00f3n, fortalecimiento familiar y la necesidad de ampliar alianzas entre el Gobierno, el sector de la salud, la academia y organizaciones comunitarias.<\/p>\n\n\n\n<p>Entre los participantes estuvieron Edgar Joel Col\u00f3n, Sonia Navarro Gonz\u00e1lez, el psic\u00f3logo Teodoro Esca\u00f1o, de Rep\u00fablica Dominicana, y la administradora de la Administraci\u00f3n de Servicios de Salud Mental y Contra la Adicci\u00f3n (ASSMCA), Catherine Oliver.<\/p><div class=\"notic-content-middle\" id=\"notic-3718702838\"><div class=\"notic-adlabel\">Advertisements<\/div><a data-no-instant=\"1\" href=\"https:\/\/qrco.de\/bgxd5v\" rel=\"noopener\" class=\"a2t-link\" target=\"_blank\" aria-label=\"DisplayAds-970&#215;2502\"><img loading=\"lazy\" decoding=\"async\" src=\"https:\/\/cdn.noticel.com\/2026\/09\/02200838\/DisplayAds-970x2502-1.jpg\" alt=\"\"  srcset=\"https:\/\/cdn.noticel.com\/2026\/09\/02200838\/DisplayAds-970x2502-1.jpg 970w, https:\/\/cdn.noticel.com\/2026\/09\/02200838\/DisplayAds-970x2502-1-300x77.jpg 300w, https:\/\/cdn.noticel.com\/2026\/09\/02200838\/DisplayAds-970x2502-1-768x198.jpg 768w, https:\/\/cdn.noticel.com\/2026\/09\/02200838\/DisplayAds-970x2502-1-18x5.jpg 18w\" sizes=\"(max-width: 970px) 100vw, 970px\" width=\"970\" height=\"250\"   \/><\/a><\/div>\n\n\n\n<p>Tambi\u00e9n participaron delegaciones de Teen Challenge Estados Unidos, Teen Challenge Nuevo M\u00e9xico, Teen Challenge Global y Rep\u00fablica Dominicana.<\/p>\n\n\n\n<p>Como parte de las actividades del mes y de la celebraci\u00f3n de su 58 aniversario, Teen Challenge Puerto Rico realizar\u00e1 el 5K Transformando Vidas 2026 el s\u00e1bado, 12 de septiembre, en el Paseo de las Artes de Caguas.<\/p>\n\n\n\n<p>La salida est\u00e1 pautada para las 6:30 de la ma\u00f1ana y la inscripci\u00f3n tiene un costo de 35 d\u00f3lares.<\/p>\n\n\n\n<p>Teen Challenge Puerto Rico inform\u00f3 que continuar\u00e1 durante septiembre con actividades dirigidas a educar y crear conciencia sobre los trastornos de uso de sustancias, la recuperaci\u00f3n y la salud mental.<\/p>","protected":false},"excerpt":{"rendered":"<p>El presidente y principal oficial ejecutivo de Teen Challenge Puerto Rico, Israel Figueroa Pastrana,&nbsp; inform\u00f3 el mi\u00e9rcoles, que inici\u00f3 el Mes de la Recuperaci\u00f3n de los Trastornos de Uso de Sustancias y Salud Mental con un congreso que reuni\u00f3 a profesionales, l\u00edderes comunitarios, organizaciones y representantes gubernamentales para discutir prevenci\u00f3n, tratamiento y recuperaci\u00f3n. \u201cEste Mes [&hellip;]<\/p>","protected":false},"author":100,"featured_media":1022081,"comment_status":"open","ping_status":"open","sticky":false,"template":"","format":"standard","meta":{"_acf_changed":false,"_monsterinsights_skip_tracking":false,"ep_exclude_from_search":false,"footnotes":""},"categories":[3],"tags":[],"class_list":["post-1022080","post","type-post","status-publish","format-standard","has-post-thumbnail","hentry","category-noticias"],"acf":[],"aioseo_notices":[],"_links":{"self":[{"href":"https:\/\/noticel.com\/en\/wp-json\/wp\/v2\/posts\/1022080","targetHints":{"allow":["GET"]}}],"collection":[{"href":"https:\/\/noticel.com\/en\/wp-json\/wp\/v2\/posts"}],"about":[{"href":"https:\/\/noticel.com\/en\/wp-json\/wp\/v2\/types\/post"}],"author":[{"embeddable":true,"href":"https:\/\/noticel.com\/en\/wp-json\/wp\/v2\/users\/100"}],"replies":[{"embeddable":true,"href":"https:\/\/noticel.com\/en\/wp-json\/wp\/v2\/comments?post=1022080"}],"version-history":[{"count":1,"href":"https:\/\/noticel.com\/en\/wp-json\/wp\/v2\/posts\/1022080\/revisions"}],"predecessor-version":[{"id":1022082,"href":"https:\/\/noticel.com\/en\/wp-json\/wp\/v2\/posts\/1022080\/revisions\/1022082"}],"wp:featuredmedia":[{"embeddable":true,"href":"https:\/\/noticel.com\/en\/wp-json\/wp\/v2\/media\/1022081"}],"wp:attachment":[{"href":"https:\/\/noticel.com\/en\/wp-json\/wp\/v2\/media?parent=1022080"}],"wp:term":[{"taxonomy":"category","embeddable":true,"href":"https:\/\/noticel.com\/en\/wp-json\/wp\/v2\/categories?post=1022080"},{"taxonomy":"post_tag","embeddable":true,"href":"https:\/\/noticel.com\/en\/wp-json\/wp\/v2\/tags?post=1022080"}],"curies":[{"name":"wp","href":"https:\/\/api.w.org\/{rel}","templated":true}]}}