{"id":1022077,"date":"2026-09-03T05:49:00","date_gmt":"2026-09-03T09:49:00","guid":{"rendered":""},"modified":"2026-09-03T07:31:35","modified_gmt":"2026-09-03T11:31:35","slug":"con-refuerzo-de-idaho-apelativo-federal-apoya-prohibicion-de-pr-sobre-transgeneros","status":"publish","type":"post","link":"https:\/\/noticel.com\/en\/noticias\/20260903\/con-refuerzo-de-idaho-apelativo-federal-apoya-prohibicion-de-pr-sobre-transgeneros\/","title":{"rendered":"Con refuerzo de Idaho, apelativo federal apoya prohibici\u00f3n de PR sobre transg\u00e9neros"},"content":{"rendered":"<p>Por solicitud de la Administraci\u00f3n Gonz\u00e1lez Col\u00f3n, el Primer Circuito de Apelaciones de Boston revoc\u00f3 la orden que emiti\u00f3 una jueza federal en la isla para que el Registro Demogr\u00e1fico a\u00f1adiera una opci\u00f3n de \u201cx\u201d en los certificados de nacimiento que pudieran usar las personas de la comunidad no binaria para identificarse.<\/p>\n\n\n\n<p>Estas personas no se identifican ni como hombre ni como mujer y, durante la Administraci\u00f3n Pierluisi Urrutia, demandaron para que el certificado de nacimiento de la isla proveyera una alternativa para identificarse.<\/p>\n\n\n\n<p>En mayo de 2025, la jueza Mar\u00eda Antongiorgi Jord\u00e1n concedid\u00f3 la solicitud al concluir que \u201cno hay base racional para denegar el reclamo de los demandantes\u201d. La jueza razon\u00f3 que \u201clas personas no binarias existen\u201d y que el estado no ten\u00eda justificaci\u00f3n razonable para que el certificado de nacimiento no los reconociera. Esto, a\u00f1adi\u00f3, constitu\u00eda una distinci\u00f3n arbitraria contra las personas no binarias y un trato desfavorable frente a las personas binarias que s\u00ed pod\u00edan escoger entre las alternativas de \u201chombre\u201d o \u201cmujer\u201d en su certificado de nacimiento.<\/p>\n\n\n\n<p>La jueza observ\u00f3 que 17 estados y otros pa\u00edses ya hab\u00edan reconocido la alternativa de una \u201cx\u201d para la comunidad no binaria.<\/p>\n\n\n\n<p>Este punto de la cantidad de estados que tienen esa pol\u00edtica jug\u00f3 un rol en la decisi\u00f3n del apelativo, pero en el sentido contrario. Diecinueve estados, y la legislatura de Arizona, comparecieron como amigos de la corte para argumentar a favor del gobierno de Puerto Rico en su petici\u00f3n de que se revocara la sentencia. En su escrito, se\u00f1alaron que son 34 estados los que est\u00e1n en una posici\u00f3n similar a la de Puerto Rico en cuanto a que sus certificados de nacimiento no proveen para una opci\u00f3n \u201cx\u201d. Pidieron que se respete la capacidad que tiene cada uno para determinar c\u00f3mo mejor atender esa controversia en vez de estar sometidos a que un juez federal declare inconstitucional la pr\u00e1ctica de no reconocer esa opci\u00f3n.<\/p><div class=\"notic-content-middle\" id=\"notic-928001466\"><div class=\"notic-adlabel\">Advertisements<\/div><a data-no-instant=\"1\" href=\"https:\/\/qrco.de\/bgxd5v\" rel=\"noopener\" class=\"a2t-link\" target=\"_blank\" aria-label=\"DisplayAd-728&#215;902\"><img loading=\"lazy\" decoding=\"async\" src=\"https:\/\/cdn.noticel.com\/2026\/09\/02195411\/DisplayAd-728x902-1.jpg\" alt=\"\"  srcset=\"https:\/\/cdn.noticel.com\/2026\/09\/02195411\/DisplayAd-728x902-1.jpg 728w, https:\/\/cdn.noticel.com\/2026\/09\/02195411\/DisplayAd-728x902-1-300x37.jpg 300w, https:\/\/cdn.noticel.com\/2026\/09\/02195411\/DisplayAd-728x902-1-18x2.jpg 18w\" sizes=\"(max-width: 728px) 100vw, 728px\" width=\"728\" height=\"90\"   \/><\/a><\/div>\n\n\n\n<p>La intervenci\u00f3n de los estados la encabez\u00f3 el secretario de Justicia de Idaho, el puertorrique\u00f1o Ra\u00fal R. Labrador, quien fue congresista republicano y tiene lazos pol\u00edticos tanto con la gobernadora Jenniffer Gonz\u00e1lez Col\u00f3n como con el Partido Republicano local.<\/p>\n\n\n\n<p>El Senado de Puerto Rico tambi\u00e9n compareci\u00f3 a favor de la posici\u00f3n de la gobernadora, mientras que otras 11 organizaciones comparecieron a favor de la posici\u00f3n de los seis demandantes miembros de la comunidad no binaria.<\/p>\n\n\n\n<p>El panel de jueces apelativos, -Sandra Lynch, David Barron y Lara Montecalvo-, no entr\u00f3 a dirimir principios de debido proceso ni libertad de expresi\u00f3n porque la jueza Antongiorgi Jord\u00e1n tampoco lo hizo en su decisi\u00f3n. Se limitaron a concluir que lo que la jueza hab\u00eda considerado constitucionalmente irrazonable, ellos lo encontraban constitucionalmente razonable. Espec\u00edficamente, que era razonable que no se permitiera que la comunidad no binaria enmendara su certificado con una tercera opci\u00f3n en la secci\u00f3n de g\u00e9nero, a pesar de que el registro s\u00ed permite que una persona transg\u00e9nero que tuviera un certificado bajo masculino o femenino puede obtener una enmienda para cambiarse al otro g\u00e9nero.<\/p>\n\n\n\n<p>Vea:<\/p>\n\n\n\n<p><a href=\"https:\/\/noticel.com\/en\/ultima-hora\/20250602\/tribunal-federal-ordena-al-registro-demografico-a-incluir-marca-para-comunidad-trans\/\" target=\"_blank\" rel=\"noopener\" title=\"\">Tribunal federal ordena al Registro Demogr\u00e1fico a incluir marca para comunidad trans<\/a><\/p>","protected":false},"excerpt":{"rendered":"<p>Por solicitud de la Administraci\u00f3n Gonz\u00e1lez Col\u00f3n, el Primer Circuito de Apelaciones de Boston revoc\u00f3 la orden que emiti\u00f3 una jueza federal en la isla para que el Registro Demogr\u00e1fico a\u00f1adiera una opci\u00f3n de \u201cx\u201d en los certificados de nacimiento que pudieran usar las personas de la comunidad no binaria para identificarse. Estas personas no [&hellip;]<\/p>","protected":false},"author":98,"featured_media":1022078,"comment_status":"open","ping_status":"open","sticky":false,"template":"","format":"standard","meta":{"_acf_changed":false,"_monsterinsights_skip_tracking":false,"ep_exclude_from_search":false,"footnotes":""},"categories":[3,13],"tags":[6939,152],"class_list":["post-1022077","post","type-post","status-publish","format-standard","has-post-thumbnail","hentry","category-noticias","category-tribunales","tag-idaho","tag-puerto-rico"],"acf":[],"aioseo_notices":[],"_links":{"self":[{"href":"https:\/\/noticel.com\/en\/wp-json\/wp\/v2\/posts\/1022077","targetHints":{"allow":["GET"]}}],"collection":[{"href":"https:\/\/noticel.com\/en\/wp-json\/wp\/v2\/posts"}],"about":[{"href":"https:\/\/noticel.com\/en\/wp-json\/wp\/v2\/types\/post"}],"author":[{"embeddable":true,"href":"https:\/\/noticel.com\/en\/wp-json\/wp\/v2\/users\/98"}],"replies":[{"embeddable":true,"href":"https:\/\/noticel.com\/en\/wp-json\/wp\/v2\/comments?post=1022077"}],"version-history":[{"count":2,"href":"https:\/\/noticel.com\/en\/wp-json\/wp\/v2\/posts\/1022077\/revisions"}],"predecessor-version":[{"id":1022168,"href":"https:\/\/noticel.com\/en\/wp-json\/wp\/v2\/posts\/1022077\/revisions\/1022168"}],"wp:featuredmedia":[{"embeddable":true,"href":"https:\/\/noticel.com\/en\/wp-json\/wp\/v2\/media\/1022078"}],"wp:attachment":[{"href":"https:\/\/noticel.com\/en\/wp-json\/wp\/v2\/media?parent=1022077"}],"wp:term":[{"taxonomy":"category","embeddable":true,"href":"https:\/\/noticel.com\/en\/wp-json\/wp\/v2\/categories?post=1022077"},{"taxonomy":"post_tag","embeddable":true,"href":"https:\/\/noticel.com\/en\/wp-json\/wp\/v2\/tags?post=1022077"}],"curies":[{"name":"wp","href":"https:\/\/api.w.org\/{rel}","templated":true}]}}