{"id":1022074,"date":"2026-09-02T17:59:50","date_gmt":"2026-09-02T21:59:50","guid":{"rendered":""},"modified":"2026-09-02T18:13:23","modified_gmt":"2026-09-02T22:13:23","slug":"salud-responde-a-presidente-de-la-camara-sobre-senalamientos-servicios-en-vieques-y-culebra","status":"publish","type":"post","link":"https:\/\/noticel.com\/en\/noticias\/20260902\/salud-responde-a-presidente-de-la-camara-sobre-senalamientos-servicios-en-vieques-y-culebra\/","title":{"rendered":"Salud responde a presidente de la C\u00e1mara sobre se\u00f1alamientos servicios en Vieques y Culebra"},"content":{"rendered":"<p><\/p>\n\n\n\n<p>El secretario del Departamento de Salud, el doctor V\u00edctor M. Ramos Otero, respondi\u00f3 esta tarde a los se\u00f1alamientos del presidente de la C\u00e1mara de Representantes, Carlos \u201cJohnny\u201d M\u00e9ndez, relacionados con la prestaci\u00f3n de servicios de salud en Vieques y Culebra, y anunci\u00f3 que solicitar\u00e1 una reuni\u00f3n con el l\u00edder cameral para presentar la informaci\u00f3n y documentaci\u00f3n que sustenta las gestiones realizadas por la agencia en ambas islas municipio.<\/p>\n\n\n\n<p>Ramos Otero reconoci\u00f3 el compromiso de M\u00e9ndez con los residentes de Vieques, Culebra y la regi\u00f3n este, pero sostuvo que cualquier diferencia de criterio entre funcionarios p\u00fablicos debe atenderse mediante el di\u00e1logo y a partir de informaci\u00f3n verificable.<\/p>\n\n\n\n<p>\u00abRespeto al presidente de la C\u00e1mara de Representantes y reconozco su compromiso como defensor de los residentes de Vieques, Culebra y de toda esa regi\u00f3n. Las diferencias de criterio entre funcionarios p\u00fablicos la voy atender mediante el di\u00e1logo y, sobre todo, con informaci\u00f3n verificable\u00bb, expres\u00f3 Ramos Otero en declaraciones escritas.<\/p>\n\n\n\n<p>\u00abMi responsabilidad y enfoque como secretario, es trabajar para que todos los ciudadanos tengan acceso a servicios de salud dignos, oportunos y de calidad, independientemente del lugar donde residan. En el caso particular de los residentes de Vieques y Culebra, reconozco los retos hist\u00f3ricos y operacionales que supone garantizar la disponibilidad continua de profesionales, proveedores y servicios m\u00e9dicos en ambas islas municipio. Atender esos desaf\u00edos con seriedad, transparencia y sentido de urgencia constituye mi principal norte\u00bb, sostuvo.<\/p>\n\n\n\n<p>El secretario reconoci\u00f3, adem\u00e1s, los retos hist\u00f3ricos y operacionales que enfrenta el gobierno para garantizar la disponibilidad continua de profesionales, proveedores y servicios m\u00e9dicos en Vieques y Culebra.<\/p><div class=\"notic-content-middle\" id=\"notic-1187727880\"><div class=\"notic-adlabel\">Advertisements<\/div><a data-no-instant=\"1\" href=\"https:\/\/qrco.de\/bgxd5v\" rel=\"noopener\" class=\"a2t-link\" target=\"_blank\" aria-label=\"DisplayAd-970&#215;902\"><img loading=\"lazy\" decoding=\"async\" src=\"https:\/\/cdn.noticel.com\/2026\/09\/02200210\/DisplayAd-970x902-1.jpg\" alt=\"\"  srcset=\"https:\/\/cdn.noticel.com\/2026\/09\/02200210\/DisplayAd-970x902-1.jpg 970w, https:\/\/cdn.noticel.com\/2026\/09\/02200210\/DisplayAd-970x902-1-300x28.jpg 300w, https:\/\/cdn.noticel.com\/2026\/09\/02200210\/DisplayAd-970x902-1-768x71.jpg 768w, https:\/\/cdn.noticel.com\/2026\/09\/02200210\/DisplayAd-970x902-1-18x2.jpg 18w\" sizes=\"(max-width: 970px) 100vw, 970px\" width=\"970\" height=\"90\"   \/><\/a><\/div>\n\n\n\n<p>\u00abPor esa raz\u00f3n, estar\u00e9 solicitando una reuni\u00f3n con el presidente de la C\u00e1mara para presentarle personalmente toda la informaci\u00f3n relacionada con las gestiones realizadas por el Departamento de Salud en Vieques y Culebra\u00bb.<\/p>\n\n\n\n<p>El funcionario asegur\u00f3 que est\u00e1 dispuesto a entregar los documentos, datos y dem\u00e1s evidencia de respaldo que sean necesarios para aclarar los se\u00f1alamientos y responder las preguntas que pueda tener el presidente cameral.<\/p>\n\n\n\n<p>\u201cEsta administraci\u00f3n est\u00e1 comprometida con la transparencia total y con la rendici\u00f3n de cuentas. Mi trayectoria profesional siempre se ha caracterizado por hablar con franqueza, trabajar con rigor y sustentar mis expresiones con hechos\u201d, a\u00f1adi\u00f3.<\/p>\n\n\n\n<p>Ramos Otero enfatiz\u00f3 que su intenci\u00f3n no es profundizar las diferencias p\u00fablicas, sino procurar que ambos funcionarios unan esfuerzos para identificar soluciones concretas y sostenibles que permitan fortalecer los servicios de salud disponibles para los residentes de Vieques y Culebra.<\/p>\n\n\n\n<p>\u00abEstoy convencido de que, mediante una conversaci\u00f3n transparente y basada en la documentaci\u00f3n, podremos aclarar cualquier diferencia y concentrarnos en el objetivo que debe unirnos: proteger la salud y el bienestar de nuestra gente\u00bb, concluy\u00f3.<\/p>","protected":false},"excerpt":{"rendered":"<p>El secretario del Departamento de Salud, el doctor V\u00edctor M. Ramos Otero, respondi\u00f3 esta tarde a los se\u00f1alamientos del presidente de la C\u00e1mara de Representantes, Carlos \u201cJohnny\u201d M\u00e9ndez, relacionados con la prestaci\u00f3n de servicios de salud en Vieques y Culebra, y anunci\u00f3 que solicitar\u00e1 una reuni\u00f3n con el l\u00edder cameral para presentar la informaci\u00f3n y [&hellip;]<\/p>","protected":false},"author":92,"featured_media":1009165,"comment_status":"open","ping_status":"open","sticky":false,"template":"","format":"standard","meta":{"_acf_changed":false,"_monsterinsights_skip_tracking":false,"ep_exclude_from_search":false,"footnotes":""},"categories":[4,3],"tags":[1971,206,1740],"class_list":["post-1022074","post","type-post","status-publish","format-standard","has-post-thumbnail","hentry","category-gobierno","category-noticias","tag-camara-2","tag-salud","tag-vieques"],"acf":[],"aioseo_notices":[],"_links":{"self":[{"href":"https:\/\/noticel.com\/en\/wp-json\/wp\/v2\/posts\/1022074","targetHints":{"allow":["GET"]}}],"collection":[{"href":"https:\/\/noticel.com\/en\/wp-json\/wp\/v2\/posts"}],"about":[{"href":"https:\/\/noticel.com\/en\/wp-json\/wp\/v2\/types\/post"}],"author":[{"embeddable":true,"href":"https:\/\/noticel.com\/en\/wp-json\/wp\/v2\/users\/92"}],"replies":[{"embeddable":true,"href":"https:\/\/noticel.com\/en\/wp-json\/wp\/v2\/comments?post=1022074"}],"version-history":[{"count":1,"href":"https:\/\/noticel.com\/en\/wp-json\/wp\/v2\/posts\/1022074\/revisions"}],"predecessor-version":[{"id":1022076,"href":"https:\/\/noticel.com\/en\/wp-json\/wp\/v2\/posts\/1022074\/revisions\/1022076"}],"wp:featuredmedia":[{"embeddable":true,"href":"https:\/\/noticel.com\/en\/wp-json\/wp\/v2\/media\/1009165"}],"wp:attachment":[{"href":"https:\/\/noticel.com\/en\/wp-json\/wp\/v2\/media?parent=1022074"}],"wp:term":[{"taxonomy":"category","embeddable":true,"href":"https:\/\/noticel.com\/en\/wp-json\/wp\/v2\/categories?post=1022074"},{"taxonomy":"post_tag","embeddable":true,"href":"https:\/\/noticel.com\/en\/wp-json\/wp\/v2\/tags?post=1022074"}],"curies":[{"name":"wp","href":"https:\/\/api.w.org\/{rel}","templated":true}]}}