{"id":1022067,"date":"2026-09-02T17:01:23","date_gmt":"2026-09-02T21:01:23","guid":{"rendered":""},"modified":"2026-09-02T17:09:11","modified_gmt":"2026-09-02T21:09:11","slug":"ferrer-denuncia-falta-de-accion-del-gobierno-ante-interrupcion-de-servicios-de-amas-de-llaves","status":"publish","type":"post","link":"https:\/\/noticel.com\/en\/ultima-hora\/20260902\/ferrer-denuncia-falta-de-accion-del-gobierno-ante-interrupcion-de-servicios-de-amas-de-llaves\/","title":{"rendered":"Ferrer denuncia falta de acci\u00f3n del gobierno ante interrupci\u00f3n de servicios de amas de llaves"},"content":{"rendered":"<p>El portavoz del Partido Popular Democr\u00e1tico (PPD) en la C\u00e1mara de Representantes, H\u00e9ctor Ferrer Santiago, exigi\u00f3 hoy a la gobernadora Jenniffer Gonz\u00e1lez que act\u00fae de inmediato ante la interrupci\u00f3n temporera de servicios de amas de llaves a participantes del Departamento de la Familia.<\/p>\n\n\n\n<p>Ferrer hizo referencia a la notificaci\u00f3n emitida por la Corporaci\u00f3n de Servicios de Ama de Llaves (COSALL), mediante la cual se informa a las trabajadoras que ofrecen servicios a participantes del Departamento de la Familia que quedar\u00e1n temporalmente sin asignaci\u00f3n de trabajo a partir del 2 de septiembre y hasta el 30 de septiembre de 2026, ante la pausa de los servicios relacionados con el contrato de ADFAN.<\/p>\n\n\n\n<p>M\u00e1s temprano en el d\u00eda, la secretaria de la Familia, Suzanne Roig, dijo que estaban realizando gestiones para atender el asunto con prontitud.<\/p>\n\n\n\n<p>\u201cEsto es precisamente lo que ocurre cuando un gobierno no hace las cosas a tiempo\u00bb, sostuvo Ferrer en declaraciones escritas. Aqu\u00ed estamos hablando de servicios que impactan directamente el bienestar y la calidad de vida de personas que dependen del Departamento de la Familia, y de trabajadores que de un d\u00eda para otro enfrentan incertidumbre sobre su sustento. El gobierno ten\u00eda que anticiparse a esta situaci\u00f3n y garantizar la continuidad de los servicios\u201d, expres\u00f3 Ferrer Santiago al tiempo que a\u00f1adi\u00f3 que el Gobierno someti\u00f3 a la Junta de Control fiscal la revisi\u00f3n del contrato luego de que expirara.<\/p>\n\n\n\n<p>Roig, en cambio, dijo en un comunicado que \u00ablos proceso\u00bb se hicieron a tiempo y que el asunto est\u00e1 en manos de la Junta de Supervisi\u00f3n Fiscal. <\/p><div class=\"notic-content-middle\" id=\"notic-1172309691\"><div class=\"notic-adlabel\">Advertisements<\/div><a data-no-instant=\"1\" href=\"https:\/\/qrco.de\/bgxd5v\" rel=\"noopener\" class=\"a2t-link\" target=\"_blank\" aria-label=\"DisplayAd-970&#215;903\"><img loading=\"lazy\" decoding=\"async\" src=\"https:\/\/cdn.noticel.com\/2026\/09\/02200307\/DisplayAd-970x903-1.jpg\" alt=\"\"  srcset=\"https:\/\/cdn.noticel.com\/2026\/09\/02200307\/DisplayAd-970x903-1.jpg 970w, https:\/\/cdn.noticel.com\/2026\/09\/02200307\/DisplayAd-970x903-1-300x28.jpg 300w, https:\/\/cdn.noticel.com\/2026\/09\/02200307\/DisplayAd-970x903-1-768x71.jpg 768w, https:\/\/cdn.noticel.com\/2026\/09\/02200307\/DisplayAd-970x903-1-18x2.jpg 18w\" sizes=\"(max-width: 970px) 100vw, 970px\" width=\"970\" height=\"90\"   \/><\/a><\/div>\n\n\n\n<p>\u00abEsperamos que la situaci\u00f3n pueda quedar resuelta durante esta semana. Al mismo tiempo, hemos estado identificando alternativas y dialogando con la Oficina de Gerencia y Presupuesto para evaluar las opciones disponibles que nos permitan encaminar una soluci\u00f3n\u00bb, dijo Roig.<\/p>\n\n\n\n<p>Mientras, Ferrer cuestion\u00f3 que una situaci\u00f3n relacionada con contratos y servicios esenciales haya llegado al punto de dejar a trabajadores sin asignaci\u00f3n y a participantes sin certeza sobre la continuidad de los servicios.<\/p>\n\n\n\n<p>\u201cLos contratos no se vencen de un d\u00eda para otro. Esto no debi\u00f3 convertirse en una crisis. Cuando se trata de servicios esenciales, la responsabilidad del gobierno es anticipar los problemas, hacer las gestiones con tiempo y evitar que sean las familias y los trabajadores quienes paguen las consecuencias de la falta de planificaci\u00f3n\u201d, sostuvo.<\/p>\n\n\n\n<p>\u201cLo m\u00e1s preocupante es que nuevamente vemos un gobierno reaccionando cuando el problema ya lleg\u00f3 a la puerta de la gente. No podemos normalizar que los servicios se interrumpan porque las agencias no hicieron las gestiones necesarias a tiempo\u201d, a\u00f1adi\u00f3.<\/p>","protected":false},"excerpt":{"rendered":"<p>El portavoz del Partido Popular Democr\u00e1tico (PPD) en la C\u00e1mara de Representantes, H\u00e9ctor Ferrer Santiago, exigi\u00f3 hoy a la gobernadora Jenniffer Gonz\u00e1lez que act\u00fae de inmediato ante la interrupci\u00f3n temporera de servicios de amas de llaves a participantes del Departamento de la Familia. Ferrer hizo referencia a la notificaci\u00f3n emitida por la Corporaci\u00f3n de Servicios [&hellip;]<\/p>","protected":false},"author":100,"featured_media":997125,"comment_status":"open","ping_status":"open","sticky":false,"template":"","format":"standard","meta":{"_acf_changed":false,"_monsterinsights_skip_tracking":false,"ep_exclude_from_search":false,"footnotes":""},"categories":[4,3,2],"tags":[5526,331,1609],"class_list":["post-1022067","post","type-post","status-publish","format-standard","has-post-thumbnail","hentry","category-gobierno","category-noticias","category-ultima-hora","tag-ama-de-llaves","tag-hector-ferrer","tag-suzanne-roig"],"acf":[],"aioseo_notices":[],"_links":{"self":[{"href":"https:\/\/noticel.com\/en\/wp-json\/wp\/v2\/posts\/1022067","targetHints":{"allow":["GET"]}}],"collection":[{"href":"https:\/\/noticel.com\/en\/wp-json\/wp\/v2\/posts"}],"about":[{"href":"https:\/\/noticel.com\/en\/wp-json\/wp\/v2\/types\/post"}],"author":[{"embeddable":true,"href":"https:\/\/noticel.com\/en\/wp-json\/wp\/v2\/users\/100"}],"replies":[{"embeddable":true,"href":"https:\/\/noticel.com\/en\/wp-json\/wp\/v2\/comments?post=1022067"}],"version-history":[{"count":1,"href":"https:\/\/noticel.com\/en\/wp-json\/wp\/v2\/posts\/1022067\/revisions"}],"predecessor-version":[{"id":1022068,"href":"https:\/\/noticel.com\/en\/wp-json\/wp\/v2\/posts\/1022067\/revisions\/1022068"}],"wp:featuredmedia":[{"embeddable":true,"href":"https:\/\/noticel.com\/en\/wp-json\/wp\/v2\/media\/997125"}],"wp:attachment":[{"href":"https:\/\/noticel.com\/en\/wp-json\/wp\/v2\/media?parent=1022067"}],"wp:term":[{"taxonomy":"category","embeddable":true,"href":"https:\/\/noticel.com\/en\/wp-json\/wp\/v2\/categories?post=1022067"},{"taxonomy":"post_tag","embeddable":true,"href":"https:\/\/noticel.com\/en\/wp-json\/wp\/v2\/tags?post=1022067"}],"curies":[{"name":"wp","href":"https:\/\/api.w.org\/{rel}","templated":true}]}}