{"id":1022059,"date":"2026-09-02T16:08:08","date_gmt":"2026-09-02T20:08:08","guid":{"rendered":""},"modified":"2026-09-02T16:15:47","modified_gmt":"2026-09-02T20:15:47","slug":"contralora-refiere-a-terapista-fisica-que-facturo-3438-por-servicios-no-brindados-a-educacion","status":"publish","type":"post","link":"https:\/\/noticel.com\/en\/ultima-hora\/20260902\/contralora-refiere-a-terapista-fisica-que-facturo-3438-por-servicios-no-brindados-a-educacion\/","title":{"rendered":"Contralora refiere a terapista f\u00edsica que factur\u00f3 $3,438 por servicios no brindados a Educaci\u00f3n"},"content":{"rendered":"<p>La Contralora de Puerto Rico,\u00a0Carmen\u00a0Vega\u00a0Fournier, ha referido a una especialista en terapia f\u00edsica al Departamento de Educaci\u00f3n por supuestamente facturar servicios no brindados en la escuela p\u00fablica La Esperanza, en San Juan.<\/p>\n\n\n\n<p>Esta escuela es especializada en educaci\u00f3n especial.<\/p>\n\n\n\n<p>La evidencia recopilada durante el proceso de investigaci\u00f3n concluy\u00f3 que, del 20 de agosto al 12 de diciembre de 2024, la especialista contratada, que no es identificada, certific\u00f3 fraudulentamente que provey\u00f3 58 terapias a cinco estudiantes, por $3,438; mediante la presentaci\u00f3n de documentos con informaci\u00f3n falsa.<\/p><div class=\"notic-content-middle\" id=\"notic-752465748\"><div class=\"notic-adlabel\">Advertisements<\/div><a data-no-instant=\"1\" href=\"https:\/\/www.asegurate-bien.com\/\" rel=\"noopener\" class=\"a2t-link\" target=\"_blank\" aria-label=\"Acodese-Adaptaciones-Noticel-970&#215;250\"><img loading=\"lazy\" decoding=\"async\" src=\"https:\/\/cdn.noticel.com\/2026\/05\/30100504\/Acodese-Adaptaciones-Noticel-970x250-1.jpg\" alt=\"\"  srcset=\"https:\/\/cdn.noticel.com\/2026\/05\/30100504\/Acodese-Adaptaciones-Noticel-970x250-1.jpg 970w, https:\/\/cdn.noticel.com\/2026\/05\/30100504\/Acodese-Adaptaciones-Noticel-970x250-1-300x77.jpg 300w, https:\/\/cdn.noticel.com\/2026\/05\/30100504\/Acodese-Adaptaciones-Noticel-970x250-1-768x198.jpg 768w, https:\/\/cdn.noticel.com\/2026\/05\/30100504\/Acodese-Adaptaciones-Noticel-970x250-1-18x5.jpg 18w\" sizes=\"(max-width: 970px) 100vw, 970px\" width=\"970\" height=\"250\"   \/><\/a><\/div>\n\n\n\n<p>La facturaci\u00f3n incluy\u00f3 terapias en d\u00edas feriados oficiales, terapias en d\u00edas en que los estudiantes estuvieron ausentes y terapias en fechas en las que no consta evidencia de asistencia de la especialista a la escuela. Adem\u00e1s, se identific\u00f3 que algunas de&nbsp;las terapias facturadas coincid\u00edan con horarios en los que aparec\u00eda simult\u00e1neamente trabajando en otra entidad.<\/p>\n\n\n\n<p>La situaci\u00f3n fue referida al secretario del Departamento de Educaci\u00f3n para que tome las medidas pertinentes, incluyendo la evaluaci\u00f3n de posibles violaciones a leyes o reglamentos.<\/p>\n\n\n\n<p>\u201cLa situaci\u00f3n identificada no solo result\u00f3 en pagos indebidos por terapias que nunca se brindaron, sino que tambi\u00e9n priv\u00f3 a los estudiantes de recibir los servicios esenciales establecidos en sus&nbsp;planes&nbsp;educativos individualizados, afectando directamente&nbsp;su&nbsp;progreso y bienestar,\u201d expres\u00f3 la Contralora.<\/p>","protected":false},"excerpt":{"rendered":"<p>La Contralora de Puerto Rico,\u00a0Carmen\u00a0Vega\u00a0Fournier, ha referido a una especialista en terapia f\u00edsica al Departamento de Educaci\u00f3n por supuestamente facturar servicios no brindados en la escuela p\u00fablica La Esperanza, en San Juan. Esta escuela es especializada en educaci\u00f3n especial. La evidencia recopilada durante el proceso de investigaci\u00f3n concluy\u00f3 que, del 20 de agosto al 12 [&hellip;]<\/p>","protected":false},"author":100,"featured_media":1022061,"comment_status":"open","ping_status":"open","sticky":false,"template":"","format":"standard","meta":{"_acf_changed":false,"_monsterinsights_skip_tracking":false,"ep_exclude_from_search":false,"footnotes":""},"categories":[4,3,2],"tags":[],"class_list":["post-1022059","post","type-post","status-publish","format-standard","has-post-thumbnail","hentry","category-gobierno","category-noticias","category-ultima-hora"],"acf":[],"aioseo_notices":[],"_links":{"self":[{"href":"https:\/\/noticel.com\/en\/wp-json\/wp\/v2\/posts\/1022059","targetHints":{"allow":["GET"]}}],"collection":[{"href":"https:\/\/noticel.com\/en\/wp-json\/wp\/v2\/posts"}],"about":[{"href":"https:\/\/noticel.com\/en\/wp-json\/wp\/v2\/types\/post"}],"author":[{"embeddable":true,"href":"https:\/\/noticel.com\/en\/wp-json\/wp\/v2\/users\/100"}],"replies":[{"embeddable":true,"href":"https:\/\/noticel.com\/en\/wp-json\/wp\/v2\/comments?post=1022059"}],"version-history":[{"count":1,"href":"https:\/\/noticel.com\/en\/wp-json\/wp\/v2\/posts\/1022059\/revisions"}],"predecessor-version":[{"id":1022062,"href":"https:\/\/noticel.com\/en\/wp-json\/wp\/v2\/posts\/1022059\/revisions\/1022062"}],"wp:featuredmedia":[{"embeddable":true,"href":"https:\/\/noticel.com\/en\/wp-json\/wp\/v2\/media\/1022061"}],"wp:attachment":[{"href":"https:\/\/noticel.com\/en\/wp-json\/wp\/v2\/media?parent=1022059"}],"wp:term":[{"taxonomy":"category","embeddable":true,"href":"https:\/\/noticel.com\/en\/wp-json\/wp\/v2\/categories?post=1022059"},{"taxonomy":"post_tag","embeddable":true,"href":"https:\/\/noticel.com\/en\/wp-json\/wp\/v2\/tags?post=1022059"}],"curies":[{"name":"wp","href":"https:\/\/api.w.org\/{rel}","templated":true}]}}