{"id":1022039,"date":"2026-09-02T15:29:22","date_gmt":"2026-09-02T19:29:22","guid":{"rendered":""},"modified":"2026-09-02T15:45:26","modified_gmt":"2026-09-02T19:45:26","slug":"fei-archiva-investigacion-contra-exalcalde-de-moca-por-uso-de-pagina-de-facebook","status":"publish","type":"post","link":"https:\/\/noticel.com\/en\/noticias\/20260902\/fei-archiva-investigacion-contra-exalcalde-de-moca-por-uso-de-pagina-de-facebook\/","title":{"rendered":"FEI archiva investigaci\u00f3n contra exalcalde de Moca por uso de p\u00e1gina de Facebook"},"content":{"rendered":"<p>El Panel sobre el Fiscal Especial Independiente (PFEI) orden\u00f3 el mi\u00e9rcoles el archivo de una investigaci\u00f3n contra el exalcalde de Moca, \u00c1ngel A. P\u00e9rez Rodr\u00edguez, al concluir que no existe prueba suficiente para procesarlo criminalmente por el supuesto uso pol\u00edtico-partidista de una p\u00e1gina de Facebook que anteriormente divulgaba informaci\u00f3n municipal.<\/p>\n\n\n\n<p>Las fiscales especiales independientes Ileana R. Agudo Calder\u00f3n y Maricarmen Rodr\u00edguez Barea recomendaron el archivo luego de determinar que la evidencia recopilada no establec\u00eda el nexo requerido entre P\u00e9rez Rodr\u00edguez y una conducta delictiva para sostener un procesamiento m\u00e1s all\u00e1 de duda razonable. Los jueces del PFEI acogieron el informe final.<\/p>\n\n\n\n<p>El caso surgi\u00f3 de una investigaci\u00f3n administrativa de la Oficina del Contralor Electoral (OCE), que identific\u00f3 publicaciones de contenido pol\u00edtico durante el proceso electoral de 2024 y entendi\u00f3 que el entonces alcalde pudo haberse beneficiado de los seguidores que la p\u00e1gina hab\u00eda acumulado previamente.<\/p>\n\n\n\n<p>Posteriormente, el Departamento de Justicia determin\u00f3 que exist\u00eda causa suficiente para investigar posibles violaciones a la Ley para la Fiscalizaci\u00f3n del Financiamiento de Campa\u00f1as Pol\u00edticas, la Ley de \u00c9tica Gubernamental y los art\u00edculos 262 y 264 del C\u00f3digo Penal.<\/p>\n\n\n\n<p>Durante la investigaci\u00f3n, las fiscales examinaron prueba documental, entrevistaron testigos y analizaron las circunstancias relacionadas con la creaci\u00f3n, administraci\u00f3n y utilizaci\u00f3n de la p\u00e1gina, as\u00ed como su alegada naturaleza p\u00fablica.<\/p><div class=\"notic-content-middle\" id=\"notic-1084597569\"><div class=\"notic-adlabel\">Advertisements<\/div><a data-no-instant=\"1\" href=\"https:\/\/www.cst.pr.gov\/\" rel=\"noopener\" class=\"a2t-link\" target=\"_blank\" aria-label=\"300&#215;600\"><img loading=\"lazy\" decoding=\"async\" src=\"https:\/\/cdn.noticel.com\/2026\/09\/02203205\/300x600-1.jpg\" alt=\"\"  srcset=\"https:\/\/cdn.noticel.com\/2026\/09\/02203205\/300x600-1.jpg 300w, https:\/\/cdn.noticel.com\/2026\/09\/02203205\/300x600-1-150x300.jpg 150w, https:\/\/cdn.noticel.com\/2026\/09\/02203205\/300x600-1-6x12.jpg 6w\" sizes=\"(max-width: 300px) 100vw, 300px\" width=\"300\" height=\"600\"   \/><\/a><\/div>\n\n\n\n<p>Entre los hallazgos figura que la p\u00e1gina fue creada originalmente con la colaboraci\u00f3n de un contratista que no recibi\u00f3 remuneraci\u00f3n, no fue identificada como propiedad municipal durante el proceso de transici\u00f3n de 2020, no apareci\u00f3 en el inventario de bienes municipales y tampoco fue discutida o transferida formalmente entre administraciones.<\/p>\n\n\n\n<p>Adem\u00e1s, funcionarios de la administraci\u00f3n de P\u00e9rez Rodr\u00edguez consultaron a la OCE e identificaron mediante los formularios correspondientes cu\u00e1les p\u00e1ginas ser\u00edan utilizadas oficialmente por el municipio durante el periodo electoral de 2024. Para las fiscales, esas circunstancias generaron una duda sustancial sobre la premisa de que la p\u00e1gina investigada constitu\u00eda propiedad p\u00fablica municipal que pudiera haber sido utilizada ilegalmente para fines pol\u00edtico-partidistas.<\/p>\n\n\n\n<p>La pesquisa tampoco produjo prueba suficiente para establecer m\u00e1s all\u00e1 de duda razonable que P\u00e9rez Rodr\u00edguez hubiese dispuesto ilegalmente de propiedad p\u00fablica para beneficiar su candidatura. Las fiscales concluyeron que una p\u00e1gina que no aparec\u00eda en el inventario municipal ni hab\u00eda sido reportada durante la transici\u00f3n carec\u00eda de los elementos necesarios para considerarla un bien p\u00fablico.<\/p>\n\n\n\n<p>Tampoco encontraron los elementos necesarios para sostener violaciones a la Ley de \u00c9tica Gubernamental o una imputaci\u00f3n por incumplimiento del deber. En cuanto a una posible malversaci\u00f3n de fondos p\u00fablicos, la investigaci\u00f3n no estableci\u00f3 que se desembolsaran fondos p\u00fablicos para crear la p\u00e1gina ni identific\u00f3 fondos p\u00fablicos utilizados ilegalmente en su manejo.<\/p>\n\n\n\n<p>Tras acoger el informe final de las fiscales especiales independientes, el PFEI orden\u00f3 el archivo del caso.<\/p>","protected":false},"excerpt":{"rendered":"<p>El Panel sobre el Fiscal Especial Independiente (PFEI) orden\u00f3 el mi\u00e9rcoles el archivo de una investigaci\u00f3n contra el exalcalde de Moca, \u00c1ngel A. P\u00e9rez Rodr\u00edguez, al concluir que no existe prueba suficiente para procesarlo criminalmente por el supuesto uso pol\u00edtico-partidista de una p\u00e1gina de Facebook que anteriormente divulgaba informaci\u00f3n municipal. Las fiscales especiales independientes Ileana [&hellip;]<\/p>","protected":false},"author":101,"featured_media":1022041,"comment_status":"open","ping_status":"open","sticky":false,"template":"","format":"standard","meta":{"_acf_changed":false,"_monsterinsights_skip_tracking":false,"ep_exclude_from_search":false,"footnotes":""},"categories":[4,3],"tags":[2076,1889],"class_list":["post-1022039","post","type-post","status-publish","format-standard","has-post-thumbnail","hentry","category-gobierno","category-noticias","tag-fei","tag-moca"],"acf":[],"aioseo_notices":[],"_links":{"self":[{"href":"https:\/\/noticel.com\/en\/wp-json\/wp\/v2\/posts\/1022039","targetHints":{"allow":["GET"]}}],"collection":[{"href":"https:\/\/noticel.com\/en\/wp-json\/wp\/v2\/posts"}],"about":[{"href":"https:\/\/noticel.com\/en\/wp-json\/wp\/v2\/types\/post"}],"author":[{"embeddable":true,"href":"https:\/\/noticel.com\/en\/wp-json\/wp\/v2\/users\/101"}],"replies":[{"embeddable":true,"href":"https:\/\/noticel.com\/en\/wp-json\/wp\/v2\/comments?post=1022039"}],"version-history":[{"count":1,"href":"https:\/\/noticel.com\/en\/wp-json\/wp\/v2\/posts\/1022039\/revisions"}],"predecessor-version":[{"id":1022043,"href":"https:\/\/noticel.com\/en\/wp-json\/wp\/v2\/posts\/1022039\/revisions\/1022043"}],"wp:featuredmedia":[{"embeddable":true,"href":"https:\/\/noticel.com\/en\/wp-json\/wp\/v2\/media\/1022041"}],"wp:attachment":[{"href":"https:\/\/noticel.com\/en\/wp-json\/wp\/v2\/media?parent=1022039"}],"wp:term":[{"taxonomy":"category","embeddable":true,"href":"https:\/\/noticel.com\/en\/wp-json\/wp\/v2\/categories?post=1022039"},{"taxonomy":"post_tag","embeddable":true,"href":"https:\/\/noticel.com\/en\/wp-json\/wp\/v2\/tags?post=1022039"}],"curies":[{"name":"wp","href":"https:\/\/api.w.org\/{rel}","templated":true}]}}