{"id":1022035,"date":"2026-09-02T15:18:10","date_gmt":"2026-09-02T19:18:10","guid":{"rendered":""},"modified":"2026-09-02T15:52:43","modified_gmt":"2026-09-02T19:52:43","slug":"trump-presume-de-haber-logrado-que-gobiernos-de-latinoamerica-viren-a-la-derecha","status":"publish","type":"post","link":"https:\/\/noticel.com\/en\/noticias\/20260902\/trump-presume-de-haber-logrado-que-gobiernos-de-latinoamerica-viren-a-la-derecha\/","title":{"rendered":"Trump presume de haber logrado que gobiernos de Latinoam\u00e9rica viren a la derecha"},"content":{"rendered":"<p><\/p>\n\n\n\n<p><strong>WASHINGTON \u2014<\/strong> El presidente de Estados Unidos, Donald Trump, presumi\u00f3 este mi\u00e9rcoles de haber logrado, seg\u00fan \u00e9l, gracias a su influencia, varios cambios de gobierno en pa\u00edses latinoamericanos que antes estaban liderados por la izquierda y que ahora se han alineado con Washington.<\/p>\n\n\n\n<p>\u00abNuestro continente realmente est\u00e1 resultando muy distinto de lo que era. Han pasado de la izquierda a la derecha. Todos est\u00e1n yendo hacia la derecha\u00bb, afirm\u00f3 ante periodistas en el Despacho Oval de la Casa Blanca.<\/p>\n\n\n\n<p>Trump apunt\u00f3 que muchos de los pa\u00edses de la regi\u00f3n no ten\u00edan hace dos a\u00f1os ning\u00fan respeto por Estados Unidos, pero asegur\u00f3 que ahora s\u00ed lo tienen y que a Washington le est\u00e1 \u00abyendo muy bien en Suram\u00e9rica, en Latinoam\u00e9rica\u00bb.<\/p>\n\n\n\n<p>El mandatario puso como ejemplo la reciente llegada al poder en Colombia del ultraderechista Abelardo de la Espriella, quien sucedi\u00f3 al izquierdista Gustavo Petro tras varios a\u00f1os de tensiones entre Bogot\u00e1 y la Administraci\u00f3n estadounidense.<\/p>\n\n\n\n<p>El l\u00edder republicano, que respald\u00f3 electoralmente a De la Espriella en la segunda vuelta presidencial, se atribuy\u00f3 parte de la victoria del nuevo presidente colombiano, al asegurar que \u00abno era el favorito\u00bb en los comicios.<\/p>\n\n\n\n<p>Trump, que tambi\u00e9n mantiene una estrecha relaci\u00f3n con el presidente argentino, Javier Milei, mencion\u00f3 adem\u00e1s que ayud\u00f3 a ganar elecciones a \u00abmuchas personas\u00bb en ese pa\u00eds.<\/p>\n\n\n\n<p>El presidente estadounidense apunt\u00f3 incluso que mantiene \u00abuna buena relaci\u00f3n\u00bb con Brasil, pese a las tensiones entre su Gobierno y el del izquierdista Luiz In\u00e1cio Lula da Silva, quien en octubre se enfrentar\u00e1 en las urnas a Fl\u00e1vio Bolsonaro, aliado de Trump.<\/p>\n\n\n\n<p>Brasil, con la presidencia de Lula, y M\u00e9xico, con Claudia Sheinbaum, son los principales bastiones de la izquierda en la regi\u00f3n, que por otro lado cuenta con varios Gobiernos alineados con Trump, como los de Argentina, Chile, Colombia, Ecuador, El Salvador y Per\u00fa.<\/p>","protected":false},"excerpt":{"rendered":"<p>WASHINGTON \u2014 El presidente de Estados Unidos, Donald Trump, presumi\u00f3 este mi\u00e9rcoles de haber logrado, seg\u00fan \u00e9l, gracias a su influencia, varios cambios de gobierno en pa\u00edses latinoamericanos que antes estaban liderados por la izquierda y que ahora se han alineado con Washington. \u00abNuestro continente realmente est\u00e1 resultando muy distinto de lo que era. Han [&hellip;]<\/p>","protected":false},"author":102,"featured_media":1022049,"comment_status":"open","ping_status":"open","sticky":false,"template":"","format":"standard","meta":{"_acf_changed":false,"_monsterinsights_skip_tracking":false,"ep_exclude_from_search":false,"footnotes":""},"categories":[4,3],"tags":[120,4484],"class_list":["post-1022035","post","type-post","status-publish","format-standard","has-post-thumbnail","hentry","category-gobierno","category-noticias","tag-donald-trump","tag-latinoamerica-2"],"acf":[],"aioseo_notices":[],"_links":{"self":[{"href":"https:\/\/noticel.com\/en\/wp-json\/wp\/v2\/posts\/1022035","targetHints":{"allow":["GET"]}}],"collection":[{"href":"https:\/\/noticel.com\/en\/wp-json\/wp\/v2\/posts"}],"about":[{"href":"https:\/\/noticel.com\/en\/wp-json\/wp\/v2\/types\/post"}],"author":[{"embeddable":true,"href":"https:\/\/noticel.com\/en\/wp-json\/wp\/v2\/users\/102"}],"replies":[{"embeddable":true,"href":"https:\/\/noticel.com\/en\/wp-json\/wp\/v2\/comments?post=1022035"}],"version-history":[{"count":1,"href":"https:\/\/noticel.com\/en\/wp-json\/wp\/v2\/posts\/1022035\/revisions"}],"predecessor-version":[{"id":1022050,"href":"https:\/\/noticel.com\/en\/wp-json\/wp\/v2\/posts\/1022035\/revisions\/1022050"}],"wp:featuredmedia":[{"embeddable":true,"href":"https:\/\/noticel.com\/en\/wp-json\/wp\/v2\/media\/1022049"}],"wp:attachment":[{"href":"https:\/\/noticel.com\/en\/wp-json\/wp\/v2\/media?parent=1022035"}],"wp:term":[{"taxonomy":"category","embeddable":true,"href":"https:\/\/noticel.com\/en\/wp-json\/wp\/v2\/categories?post=1022035"},{"taxonomy":"post_tag","embeddable":true,"href":"https:\/\/noticel.com\/en\/wp-json\/wp\/v2\/tags?post=1022035"}],"curies":[{"name":"wp","href":"https:\/\/api.w.org\/{rel}","templated":true}]}}