{"id":1022015,"date":"2026-09-03T05:48:00","date_gmt":"2026-09-03T09:48:00","guid":{"rendered":""},"modified":"2026-09-02T22:52:32","modified_gmt":"2026-09-03T02:52:32","slug":"salud-no-favorece-que-los-profesionales-de-enfermeria-prescriban-medicamentos","status":"publish","type":"post","link":"https:\/\/noticel.com\/en\/noticias\/legislatura\/20260903\/salud-no-favorece-que-los-profesionales-de-enfermeria-prescriban-medicamentos\/","title":{"rendered":"Salud no favorece que los profesionales de enfermer\u00eda prescriban medicamentos"},"content":{"rendered":"<p>El Departamento de Salud no endosa un proyecto de ley que otorgar\u00eda a los profesionales de enfermer\u00eda con formaci\u00f3n avanzada la potestad de prescribir medicamentos y, adem\u00e1s, hacer coordinaciones de planes de cuidado individualizados mediante una enmienda a la Ley de Farmacia de Puerto Rico.<\/p>\n\n\n\n<p>Se trata del Proyecto del Senado 757, aprobado en el Senado sin que se acogieran las recomendaciones de la agencia. La pieza Legislativa es de Thomas Rivera Schatz, Jos\u00e9 Luis Dalmau y Joanne Rodr\u00edguez Veve.<\/p>\n\n\n\n<p>Los proponentes establecen en la exposici\u00f3n de motivos que \u201cla creciente demanda de servicios m\u00e9dicos y la limitada disponibilidad de profesionales en la Isla evidencian la necesidad de optimizar los recursos humanos en el campo de la salud, para garantizar un sistema sanitario eficiente\u201d. La Ley de Farmacia de Puerto Rico \u00fanicamente reconoce como prescriptores a los m\u00e9dicos, odont\u00f3logos, dentistas, podiatras y veterinarios. <\/p>\n\n\n\n<p>La enmienda incluir\u00eda a las profesionales de enfermer\u00eda con formaci\u00f3n avanzada que tengan acuerdos de colaboraci\u00f3n mediante un contrato con los distintos especialistas de la salud.<\/p>\n\n\n\n<p>El proyecto pas\u00f3 el cedazo en el Senado el pasado abril con votaci\u00f3n de 24 a favor, uno en contra y tres ausentes.<\/p>\n\n\n\n<p>Sin embargo, durante una vista p\u00fablica en la Comisi\u00f3n de Salud presidida por el representante Gabriel Rodr\u00edguez Aguil\u00f3, el secretario de salud V\u00edctor Ramos expres\u00f3 reservas e insisti\u00f3 que se requieren unos cambios antes de emitir un endoso.<\/p>\n\n\n\n<p>Ramos detall\u00f3 en su ponencia que recomienda unas enmiendas \u201cpara asegurar una implantaci\u00f3n clara, segura y compatible con el ordenamiento sanitario y de seguros. El funcionario explic\u00f3 que es necesario aclarar las definiciones y alcance profesional, el derecho de evaluaci\u00f3n por un m\u00e9dico, distinguir los acuerdos regulados, los reembolsos, distinguir los acuerdos regulados y los efectos que tendr\u00eda sobre ASES\/Medicaid.<\/p>\n\n\n\n<p>Rodr\u00edguez Aguil\u00f3 le pregunt\u00f3 directamente al secretario si endosa el proyecto aprobado en el Senado.<\/p><div class=\"notic-content-middle\" id=\"notic-61112628\"><div class=\"notic-adlabel\">Advertisements<\/div><a data-no-instant=\"1\" href=\"https:\/\/www.asegurate-bien.com\/\" rel=\"noopener\" class=\"a2t-link\" target=\"_blank\" aria-label=\"Acodese-Adaptaciones-Noticel-970&#215;90\"><img loading=\"lazy\" decoding=\"async\" src=\"https:\/\/cdn.noticel.com\/2026\/07\/30100146\/Acodese-Adaptaciones-Noticel-970x90-1.jpg\" alt=\"\"  srcset=\"https:\/\/cdn.noticel.com\/2026\/07\/30100146\/Acodese-Adaptaciones-Noticel-970x90-1.jpg 970w, https:\/\/cdn.noticel.com\/2026\/07\/30100146\/Acodese-Adaptaciones-Noticel-970x90-1-300x28.jpg 300w, https:\/\/cdn.noticel.com\/2026\/07\/30100146\/Acodese-Adaptaciones-Noticel-970x90-1-768x71.jpg 768w, https:\/\/cdn.noticel.com\/2026\/07\/30100146\/Acodese-Adaptaciones-Noticel-970x90-1-18x2.jpg 18w\" sizes=\"(max-width: 970px) 100vw, 970px\" width=\"970\" height=\"90\"   \/><\/a><\/div>\n\n\n\n<p>\u201cComo est\u00e1 no. Con las recomendaciones\u201d, respondi\u00f3 Ramos.<\/p>\n\n\n\n<p>El representante del Partido Nuevo Progresista (PNP) sostuvo durante un receso que existen demasiadas dudas sobre la medida.<\/p>\n\n\n\n<p>\u201cLo m\u00e1s importante es que Salud no estar\u00eda a favor. Eso llevar\u00eda a que si va a las manos de la gobernadora (Jenniffer Gonz\u00e1lez Col\u00f3n) ser\u00eda con unas recomendaciones negativas del secretario\u201d, indic\u00f3. \u201cNo tengo prisa. Es una decisi\u00f3n bien importante. Estamos hablando de permitirle a un grupo de profesionales que prescriban medicamentos. Tiene que haber un diagn\u00f3stico del paciente, reconocer una condici\u00f3n que pueda tener o una enfermedad para prescribir los medicamentos correctos y no afecten al paciente. Iremos con mucho detenimiento\u201d, agreg\u00f3.<\/p>\n\n\n\n<p>La Asociaci\u00f3n de Hospitales de Puerto Rico, mientras tanto, respalda la aprobaci\u00f3n del P. del S. 757 bajo el argumento de que \u201cfacilita la operaci\u00f3n hospitalaria y fortalece el acceso al cuidado, especialmente en regiones donde la disponibilidad de m\u00e9dicos es limitada\u201d. Los Profesionales de Enfermer\u00eda tambi\u00e9n lo apoyan debido a que el \u201cReglamento para Regular la Pr\u00e1ctica de la Enfermer\u00eda en Puerto Rico\u201d establece que el enfermero facultativo posee una maestr\u00eda o doctorado en enfermer\u00eda con la facultad para prescribir medicamentos para el tratamiento de condiciones cl\u00ednicas diagnosticadas.<\/p>\n\n\n\n<p>No obstante, Rodr\u00edguez Aguil\u00f3 cuestion\u00f3 c\u00f3mo se manejar\u00eda la supervisi\u00f3n en caso de que el enfermero y el m\u00e9dico no ejercen en el mismo pueblo o regi\u00f3n geogr\u00e1fica.<\/p>\n\n\n\n<p>\u201cComo est\u00e1 el proyecto, podemos tener un m\u00e9dico en Ponce con un acuerdo colaborativo mediante un contrato con un enfermero facultativo que est\u00e9 en Manat\u00ed. \u00bfC\u00f3mo lo supervisa? Es una parte importante que tenemos que evaluar\u201d, afirm\u00f3 el representante, quien asegur\u00f3 que citar\u00e1 futuras vistas.<\/p>\n\n\n\n<p>\u201cQueremos las opiniones de todo el mundo. El proyecto cambi\u00f3, no es la versi\u00f3n original. La que tenemos es la aprobada en el Senado y es con la que estamos trabajando. Ya vimos las interrogantes o preocupaciones del secretario (Ramos) de que no se incluyeron todas sus enmiendas sugeridas que provocar\u00eda que est\u00e9 en contra de la medida\u201d, concluy\u00f3 Rodr\u00edguez Aguil\u00f3.<\/p>","protected":false},"excerpt":{"rendered":"<p>El Departamento de Salud no endosa un proyecto de ley que otorgar\u00eda a los profesionales de enfermer\u00eda con formaci\u00f3n avanzada la potestad de prescribir medicamentos y, adem\u00e1s, hacer coordinaciones de planes de cuidado individualizados mediante una enmienda a la Ley de Farmacia de Puerto Rico. Se trata del Proyecto del Senado 757, aprobado en el [&hellip;]<\/p>","protected":false},"author":93,"featured_media":1022027,"comment_status":"open","ping_status":"open","sticky":false,"template":"","format":"standard","meta":{"_acf_changed":false,"_monsterinsights_skip_tracking":false,"ep_exclude_from_search":false,"footnotes":""},"categories":[5],"tags":[1761,6935],"class_list":["post-1022015","post","type-post","status-publish","format-standard","has-post-thumbnail","hentry","category-legislatura","tag-enfermeros","tag-recetas"],"acf":[],"aioseo_notices":[],"_links":{"self":[{"href":"https:\/\/noticel.com\/en\/wp-json\/wp\/v2\/posts\/1022015","targetHints":{"allow":["GET"]}}],"collection":[{"href":"https:\/\/noticel.com\/en\/wp-json\/wp\/v2\/posts"}],"about":[{"href":"https:\/\/noticel.com\/en\/wp-json\/wp\/v2\/types\/post"}],"author":[{"embeddable":true,"href":"https:\/\/noticel.com\/en\/wp-json\/wp\/v2\/users\/93"}],"replies":[{"embeddable":true,"href":"https:\/\/noticel.com\/en\/wp-json\/wp\/v2\/comments?post=1022015"}],"version-history":[{"count":5,"href":"https:\/\/noticel.com\/en\/wp-json\/wp\/v2\/posts\/1022015\/revisions"}],"predecessor-version":[{"id":1022172,"href":"https:\/\/noticel.com\/en\/wp-json\/wp\/v2\/posts\/1022015\/revisions\/1022172"}],"wp:featuredmedia":[{"embeddable":true,"href":"https:\/\/noticel.com\/en\/wp-json\/wp\/v2\/media\/1022027"}],"wp:attachment":[{"href":"https:\/\/noticel.com\/en\/wp-json\/wp\/v2\/media?parent=1022015"}],"wp:term":[{"taxonomy":"category","embeddable":true,"href":"https:\/\/noticel.com\/en\/wp-json\/wp\/v2\/categories?post=1022015"},{"taxonomy":"post_tag","embeddable":true,"href":"https:\/\/noticel.com\/en\/wp-json\/wp\/v2\/tags?post=1022015"}],"curies":[{"name":"wp","href":"https:\/\/api.w.org\/{rel}","templated":true}]}}