{"id":1022013,"date":"2026-09-03T10:02:45","date_gmt":"2026-09-03T14:02:45","guid":{"rendered":""},"modified":"2026-09-03T10:02:50","modified_gmt":"2026-09-03T14:02:50","slug":"musica-y-arte-para-todos-los-gustos-este-fin-de-semana-2","status":"publish","type":"post","link":"https:\/\/noticel.com\/en\/entretenimiento\/20260903\/musica-y-arte-para-todos-los-gustos-este-fin-de-semana-2\/","title":{"rendered":"M\u00fasica y arte para todos los gustos este fin de semana"},"content":{"rendered":"<p>Si desea un fin de semana con muchas alternativas de eventos culturales para disfrutar, este es el momento. A continuaci\u00f3n, una muestra de las actividades que se realizar\u00e1n en la Isla. <\/p>\n\n\n\n<p><strong>Jueves 3 de septiembre<\/strong><\/p>\n\n\n\n<p>12:00 pm | Contin\u00faa la exposici\u00f3n de arte titulada \u201cEl peine Afro: una historia de identidad y resistencia\u201d, que se presenta en el marco del D\u00eda Internacional de las Personas Afrodescendientes. En el Museo Afro Casa Silvana, barrio Mambiche Prieto de Humacao. La entrada es gratuita. Para m\u00e1s informaci\u00f3n: 787-240-4603.<strong><\/strong><\/p>\n\n\n\n<p>6:00 pm | Continua la exposici\u00f3n \u201cRazas de agua\u201d, una colectiva que reflexiona sobre el papel del agua en la historia, la memoria y la identidad del Caribe, explorando temas como la migraci\u00f3n, la espiritualidad, la salud mental y la preservaci\u00f3n ambiental. En la galer\u00eda Marca Ribe, calle Bol\u00edvar, Santurce.<\/p>\n\n\n\n<p>7:00 pm | Presentaci\u00f3n de la nueva edici\u00f3n del libro \u201cSalsa, sabor y control\u201d de \u00c1ngel Quintero Rivera. En la Sala Anthony Junior Soto del Conservatorio de M\u00fasica de Puerto Rico en Miramar, San Juan.<\/p>\n\n\n\n<p>7:00 pm | Presentaci\u00f3n del libro \u201cQue nadie apague tu brillo\u201d de Luzmig Negr\u00f3n Rentas. En la librer\u00eda Casa Norberto, tercer nivel de Plaza Las Am\u00e9ricas. Habr\u00e1 transmisi\u00f3n por la p\u00e1gina de Facebook de la librer\u00eda.<\/p>\n\n\n\n<p>8:00 pm | La cantante Rosal\u00eda presenta su concierto \u201cRosal\u00eda Lux Tour\u201d. En el Coliseo de Puerto Rico Jos\u00e9 Miguel Agrelot. Boletos en ticketera.com<\/p>\n\n\n\n<figure class=\"wp-block-image size-large\"><img loading=\"lazy\" decoding=\"async\" width=\"1024\" height=\"1024\" src=\"https:\/\/cdn.noticel.com\/2026\/09\/02142351\/Peine-Afro-7-Invitacion-1024x1024.jpg\" alt=\"\" class=\"wp-image-1022018\" srcset=\"https:\/\/cdn.noticel.com\/2026\/09\/02142351\/Peine-Afro-7-Invitacion-1024x1024.jpg 1024w, https:\/\/cdn.noticel.com\/2026\/09\/02142351\/Peine-Afro-7-Invitacion-300x300.jpg 300w, https:\/\/cdn.noticel.com\/2026\/09\/02142351\/Peine-Afro-7-Invitacion-150x150.jpg 150w, https:\/\/cdn.noticel.com\/2026\/09\/02142351\/Peine-Afro-7-Invitacion-768x767.jpg 768w, https:\/\/cdn.noticel.com\/2026\/09\/02142351\/Peine-Afro-7-Invitacion-12x12.jpg 12w, https:\/\/cdn.noticel.com\/2026\/09\/02142351\/Peine-Afro-7-Invitacion.jpg 1081w\" sizes=\"auto, (max-width: 1024px) 100vw, 1024px\" \/><\/figure>\n\n\n\n<p><strong>Viernes 4 de septiembre<\/strong><\/p>\n\n\n\n<p>12:00 pm | Contin\u00faa la exposici\u00f3n de arte titulada \u201cEl peine Afro: una historia de identidad y resistencia\u201d, que se presenta en el marco del D\u00eda Internacional de las Personas Afrodescendientes. En el Museo Afro Casa Silvana, barrio Mambiche Prieto de Humacao. La entrada es gratuita. Para m\u00e1s informaci\u00f3n: 787-240-4603.<strong><\/strong><\/p>\n\n\n\n<p>6:00 pm | Continua la exposici\u00f3n \u201cRazas de agua\u201d, una colectiva que reflexiona sobre el papel del agua en la historia, la memoria y la identidad del Caribe, explorando temas como la migraci\u00f3n, la espiritualidad, la salud mental y la preservaci\u00f3n ambiental. En la galer\u00eda Marca Ribe, calle Bol\u00edvar, Santurce.<\/p>\n\n\n\n<p>6:30 pm | Comienza el Festi-Carnaval Jueyero, d\u00e9cimo novena edici\u00f3n. Hoy, viernes, con la m\u00fasica de Rumba Caliente (7.30 pm), Jacob Z con Jos\u00e9 Luis de Jes\u00fas, Keyvan Vega y los Hermanos Andrade (9:30 pm) y Algareplena (11:30 pm). En el complejo deportivo Milton Rosario Soto de Maunabo.<\/p>\n\n\n\n<p>7:00 pm | Viernes de salsa en Isabela con John Mel\u00e9ndez y Esencia Rumbera. Clases de baile con Henry Duprey, m\u00fasica, artesanos y kioskos. En la plaza p\u00fablica de Isabela.<\/p>\n\n\n\n<p>7:00 pm | Presentaci\u00f3n del libro \u201cInstructor de armas de fuego\u201d del agente retirado Andr\u00e9s Escobar Mart\u00ednez. En la librer\u00eda Casa Norberto, tercer nivel de Plaza Las Am\u00e9ricas. Habr\u00e1 transmisi\u00f3n por la p\u00e1gina de Facebook de la librer\u00eda.<\/p>\n\n\n\n<p>8:30 pm | Concierto \u201cTributo sinf\u00f3nico a Franco de Vita\u201d a cargo de la Royal Symphony Orchestra, bajo la direcci\u00f3n de Harry Aponte. En el Centro de Bellas Artes de Santurce. Boletos en Ticketera.<\/p>\n\n\n\n<figure class=\"wp-block-image size-large\"><img loading=\"lazy\" decoding=\"async\" width=\"576\" height=\"1024\" src=\"https:\/\/cdn.noticel.com\/2026\/09\/02142031\/Festival-Jueyero-576x1024.jpg\" alt=\"\" class=\"wp-image-1022016\" srcset=\"https:\/\/cdn.noticel.com\/2026\/09\/02142031\/Festival-Jueyero-576x1024.jpg 576w, https:\/\/cdn.noticel.com\/2026\/09\/02142031\/Festival-Jueyero-169x300.jpg 169w, https:\/\/cdn.noticel.com\/2026\/09\/02142031\/Festival-Jueyero-768x1365.jpg 768w, https:\/\/cdn.noticel.com\/2026\/09\/02142031\/Festival-Jueyero-864x1536.jpg 864w, https:\/\/cdn.noticel.com\/2026\/09\/02142031\/Festival-Jueyero-7x12.jpg 7w, https:\/\/cdn.noticel.com\/2026\/09\/02142031\/Festival-Jueyero.jpg 1080w\" sizes=\"auto, (max-width: 576px) 100vw, 576px\" \/><\/figure>\n\n\n\n<p><strong>S\u00e1bado 5 de septiembre<\/strong><\/p>\n\n\n\n<p>10:00 am | Comienza el \u201cPlaza Carolina Comic Blast\u201d, que reunir\u00e1 a m\u00e1s de 45 exhibidores, competencias, entretenimiento y actividades gratuitas para los fan\u00e1ticos del anime, los videojuegos, el cosplay y la cultura geek. Podr\u00e1n disfrutar de la m\u00fasica de DJ Julianna y la animaci\u00f3n de Denis D\u00e1vila, de&nbsp;La Oficina Geek, junto con la reconocida cosplayer Natasha Abrams, conocida en la comunidad como&nbsp;Natty Likes Pizza. Hoy, s\u00e1bado, la m\u00fasica en vivo estar\u00e1 a cargo de&nbsp;Yellow Dashboard. En Plaza Carolina.<strong><\/strong><\/p>\n\n\n\n<p>10:00 am | El Municipio Aut\u00f3nomo de Aguadilla y la Oficina de la primera dama celebrar\u00e1n la cuarta edici\u00f3n del&nbsp;<em>Aguadilla Kids Festival: Once Upon a Dream<\/em>, una experiencia m\u00e1gica, llena de imaginaci\u00f3n, diversi\u00f3n y momentos especiales para nuestros ni\u00f1os y sus familias.&nbsp;En la Universidad Interamericana de Puerto Rico, Recinto de Aguadilla.<\/p>\n\n\n\n<p>11:00 am | Panel \u201cIdentidad, raza y g\u00e9nero en las composiciones de Catalino \u2018Tite\u2019 Curet\u201d en que destacadas acad\u00e9micas y profesionales de la m\u00fasica intercambiar\u00e1n conocimientos y experiencias, entre ellos y con el p\u00fablico, sobre los temas de identidad, raza y g\u00e9nero en las composiciones del insigne compositor. En el Taller La Goyco, Escuela Dr. Pedro Goyco en la calle Lo\u00edza #1763, Santurce.<strong><\/strong><\/p>\n\n\n\n<p>11:00 am | Recorrido guiado en el que el visitante conocer\u00e1 la colecci\u00f3n de obras del Museo de Arte de Puerto Rico. En el museo, avenida De Diego en Santurce. Informaci\u00f3n en el 787-977-6277.<\/p><div class=\"notic-content-middle\" id=\"notic-1252569293\"><div class=\"notic-adlabel\">Advertisements<\/div><a data-no-instant=\"1\" href=\"https:\/\/www.asegurate-bien.com\/\" rel=\"noopener\" class=\"a2t-link\" target=\"_blank\" aria-label=\"Acodese-Adaptaciones-Noticel-970&#215;90\"><img loading=\"lazy\" decoding=\"async\" src=\"https:\/\/cdn.noticel.com\/2026\/07\/30100146\/Acodese-Adaptaciones-Noticel-970x90-1.jpg\" alt=\"\"  srcset=\"https:\/\/cdn.noticel.com\/2026\/07\/30100146\/Acodese-Adaptaciones-Noticel-970x90-1.jpg 970w, https:\/\/cdn.noticel.com\/2026\/07\/30100146\/Acodese-Adaptaciones-Noticel-970x90-1-300x28.jpg 300w, https:\/\/cdn.noticel.com\/2026\/07\/30100146\/Acodese-Adaptaciones-Noticel-970x90-1-768x71.jpg 768w, https:\/\/cdn.noticel.com\/2026\/07\/30100146\/Acodese-Adaptaciones-Noticel-970x90-1-18x2.jpg 18w\" sizes=\"(max-width: 970px) 100vw, 970px\" width=\"970\" height=\"90\"   \/><\/a><\/div>\n\n\n\n<p>11:00 am | Puede visitar el Museo de los Santos y Arte Nacional (MUSAN) que est\u00e1 dedicado a la preservaci\u00f3n, investigaci\u00f3n y exhibici\u00f3n de los santos puertorrique\u00f1os y el arte popular tradicional. MUSAN alberga, en un solo lugar, la colecci\u00f3n m\u00e1s grande accesible al p\u00fablico de talla de santos puertorrique\u00f1os. Est\u00e1 ubicado en la Avenida Ponce de Le\u00f3n 1673, Distrito de las Artes en Santurce.<\/p>\n\n\n\n<p>12:00 pm | Contin\u00faa la exposici\u00f3n de arte titulada \u201cEl peine Afro: una historia de identidad y resistencia\u201d, que se presenta en el marco del D\u00eda Internacional de las Personas Afrodescendientes. En el Museo Afro Casa Silvana, barrio Mambiche Prieto de Humacao. La entrada es gratuita. Para m\u00e1s informaci\u00f3n: 787-240-4603.<\/p>\n\n\n\n<p>12:00 pm | Continua el Festi-Carnaval Jueyero, d\u00e9cimo novena edici\u00f3n. Hoy, s\u00e1bado, con la m\u00fasica de DJ Tito (12:00 pm), Orq. Revoluci\u00f3n Latina (1:00 pm), G AN y talentos locales (3:00 pm), Grupo Urbano El Golpe (5:00 pm), Grupo Karis (9:30 pm) y Maelo Ruiz (11:30 pm). En el complejo deportivo Milton Rosario Soto de Maunabo.<strong><\/strong><\/p>\n\n\n\n<p>3:00 pm | Presentaci\u00f3n del libro \u201cSomos un milagro\u201d de Nancy M. C\u00e1ceres. En la librer\u00eda Casa Norberto, tercer nivel de Plaza Las Am\u00e9ricas. Habr\u00e1 transmisi\u00f3n por la p\u00e1gina de Facebook de la librer\u00eda.<\/p>\n\n\n\n<p>3:00 pm | Presentaci\u00f3n del libro \u201cEl mito literario yoruba en la mujer negra caribe\u00f1a\u201d, de Yvonne Denis Rosario. En la librer\u00eda El Candil, calle Uni\u00f3n 93, Ponce. Habr\u00e1 transmisi\u00f3n por la p\u00e1gina de Facebook de la librer\u00eda. Tel\u00e9fono: (787) 242-6693.<\/p>\n\n\n\n<p>6:00 pm | Continua la exposici\u00f3n \u201cRazas de agua\u201d, una colectiva que reflexiona sobre el papel del agua en la historia, la memoria y la identidad del Caribe, explorando temas como la migraci\u00f3n, la espiritualidad, la salud mental y la preservaci\u00f3n ambiental. En la galer\u00eda Marca Ribe, calle Bol\u00edvar, Santurce.<\/p>\n\n\n\n<p>7:00 pm | La Orquesta Sinf\u00f3nica de Puerto Rico comienza su temporada 2026-2027 con la serie \u201cViaja en el tiempo con la OSPR\u201d, que invita al p\u00fablico a recorrer distintas \u00e9pocas, estilos y expresiones musicales.&nbsp;Hoy, el programa incluir\u00e1 obras de Richard Strauss, William Walton y Edward Elgar. El concierto contar\u00e1 con la participaci\u00f3n del violista puertorrique\u00f1o Jaime Amador como solista. Direcci\u00f3n del maestro Maximiano Vald\u00e9s. En la Sala Sinf\u00f3nica Pablo Casals del Centro de Bellas Artes de Santurce. Boletos en Ticketera y en la boleter\u00eda de Bellas Artes.<\/p>\n\n\n\n<p>7:00 pm | Fiesta del noveno aniversario de la Asociaci\u00f3n ACirc y su centro cultural El Basti\u00f3n. Abrir\u00e1 con una exhibici\u00f3n colectiva dedicada a artistas pl\u00e1sticos emergentes, hasta los 35 a\u00f1os. Adem\u00e1s, un programa art\u00edstico multidisciplinario con presentaciones de acrobacias a\u00e9reas, a cargo de la artista <em>Mar\u00eda de Az\u00faa <\/em>en telas, y la artista <em>Edalys Gonz\u00e1lez <\/em>de la compa\u00f1\u00eda<em> Corpus Movere<\/em>. Tambi\u00e9n se presentar\u00e1 el artista y compositor<em>Juan Botta<\/em>en el lanzamiento musical de su disco<em> Papel Cristal<\/em>, acompa\u00f1ado de su banda. La entrada es libre de costo y todas las obras de arte estar\u00e1n disponibles para la venta. En El Basti\u00f3n, calle San Sebasti\u00e1n #1, Viejo San Juan.<\/p>\n\n\n\n<p>7:30 pm | Concierto \u201cHillsong en espa\u00f1ol: El tributo filarm\u00f3nico\u201d, una experiencia de adoraci\u00f3n junto a la Orquesta Filarm\u00f3nica Arturo Somohano, la coral filarm\u00f3nica y destacadas voces invitadas, en su interpretaci\u00f3n de algunos de los m\u00e1s conocidos himnos de la m\u00fasica cristiana al estilo de Hillsong en arreglos filarm\u00f3nicos.\u00a0En el Centro de Bellas Artes de Santurce. Boletos en Ticketera.<\/p>\n\n\n\n<p>8:00 pm | Concierto de Beto Cuevas \u201cAc\u00fastico\u201d. En el Coca Cola Music Hall de San Juan. Boletos en Ticketera.<\/p>\n\n\n\n<figure class=\"wp-block-image size-large\"><img loading=\"lazy\" decoding=\"async\" width=\"1024\" height=\"683\" src=\"https:\/\/cdn.noticel.com\/2026\/09\/02142300\/8vo-Aniversario-El-Bastion-1024x683.jpg\" alt=\"\" class=\"wp-image-1022017\" srcset=\"https:\/\/cdn.noticel.com\/2026\/09\/02142300\/8vo-Aniversario-El-Bastion-1024x683.jpg 1024w, https:\/\/cdn.noticel.com\/2026\/09\/02142300\/8vo-Aniversario-El-Bastion-300x200.jpg 300w, https:\/\/cdn.noticel.com\/2026\/09\/02142300\/8vo-Aniversario-El-Bastion-768x512.jpg 768w, https:\/\/cdn.noticel.com\/2026\/09\/02142300\/8vo-Aniversario-El-Bastion-1536x1024.jpg 1536w, https:\/\/cdn.noticel.com\/2026\/09\/02142300\/8vo-Aniversario-El-Bastion-2048x1365.jpg 2048w, https:\/\/cdn.noticel.com\/2026\/09\/02142300\/8vo-Aniversario-El-Bastion-18x12.jpg 18w\" sizes=\"auto, (max-width: 1024px) 100vw, 1024px\" \/><figcaption class=\"wp-element-caption\"><em>Se celebra el noveno aniversario de la Asociaci\u00f3n ACirc y su centro cultural El Basti\u00f3n. (Foto suministrada)<\/em><\/figcaption><\/figure>\n\n\n\n<p><strong>Domingo 6 de septiembre<\/strong><\/p>\n\n\n\n<p>11:00 am | Continua el \u201cPlaza Carolina Comic Blast\u201d, que reunir\u00e1 a m\u00e1s de 45 exhibidores, competencias, entretenimiento y actividades gratuitas para los fan\u00e1ticos del anime, los videojuegos, el cosplay y la cultura geek. Podr\u00e1n disfrutar de la m\u00fasica de DJ Julianna y la animaci\u00f3n de Denis D\u00e1vila, de&nbsp;La Oficina Geek, junto con la reconocida cosplayer Natasha Abrams, conocida en la comunidad como&nbsp;Natty Likes Pizza. Hoy, domingo, la m\u00fasica en vivo estar\u00e1 a cargo de&nbsp;FIA Music. En Plaza Carolina.<strong><\/strong><\/p>\n\n\n\n<p>11:00 am | Puede visitar el Museo de los Santos y Arte Nacional (MUSAN) que est\u00e1 dedicado a la preservaci\u00f3n, investigaci\u00f3n y exhibici\u00f3n de los santos puertorrique\u00f1os y el arte popular tradicional. MUSAN alberga, en un solo lugar, la colecci\u00f3n m\u00e1s grande accesible al p\u00fablico de talla de santos puertorrique\u00f1os. Est\u00e1 ubicado en la Avenida Ponce de Le\u00f3n 1673, Distrito de las Artes en Santurce.<\/p>\n\n\n\n<p>12:00 pm | Concluye el Festi-Carnaval Jueyero, d\u00e9cimo novena edici\u00f3n. Hoy, domingo, con la m\u00fasica de DJ Tito (12:00 pm), Taller Bomba con Conciencia (1:00 pm), Grupo Sin Nombre (3:00 pm), Plen\u00e9alo (5:00 pm), La Pochy Band (7:00 pm), V\u00edctor Garc\u00eda y la Sonora Sanjuanera (9:00 pm) y La Tribu de Abrante (11:00 pm). En el complejo deportivo Milton Rosario Soto de Maunabo.<\/p>\n\n\n\n<p>5:30 pm | Presentaci\u00f3n de J\u00edbaro Cl\u00e1sico y sus artistas invitados: Guersom B\u00e1ez, Ricky Villanueva y Rut Laboy. En La Casa Hist\u00f3rica de la M\u00fasica en Cayey.<\/p>\n\n\n\n<p>6:00 pm | Continua la exposici\u00f3n \u201cRazas de agua\u201d, una colectiva que reflexiona sobre el papel del agua en la historia, la memoria y la identidad del Caribe, explorando temas como la migraci\u00f3n, la espiritualidad, la salud mental y la preservaci\u00f3n ambiental. En la galer\u00eda Marca Ribe, calle Bol\u00edvar, Santurce.<\/p>\n\n\n\n<figure class=\"wp-block-image size-large\"><img loading=\"lazy\" decoding=\"async\" width=\"1024\" height=\"683\" src=\"https:\/\/cdn.noticel.com\/2026\/09\/02143533\/315557834_695275185522917_2551890398890144631_n-1024x683.jpg\" alt=\"\" class=\"wp-image-1022026\" srcset=\"https:\/\/cdn.noticel.com\/2026\/09\/02143533\/315557834_695275185522917_2551890398890144631_n-1024x683.jpg 1024w, https:\/\/cdn.noticel.com\/2026\/09\/02143533\/315557834_695275185522917_2551890398890144631_n-300x200.jpg 300w, https:\/\/cdn.noticel.com\/2026\/09\/02143533\/315557834_695275185522917_2551890398890144631_n-768x512.jpg 768w, https:\/\/cdn.noticel.com\/2026\/09\/02143533\/315557834_695275185522917_2551890398890144631_n-18x12.jpg 18w, https:\/\/cdn.noticel.com\/2026\/09\/02143533\/315557834_695275185522917_2551890398890144631_n.jpg 1066w\" sizes=\"auto, (max-width: 1024px) 100vw, 1024px\" \/><figcaption class=\"wp-element-caption\"><em>El Museo de los Santos y Arte Nacional (MUSAN) que est\u00e1 dedicado a la preservaci\u00f3n, investigaci\u00f3n y exhibici\u00f3n de los santos puertorrique\u00f1os y el arte popular tradicional. (Foto suministrada)<\/em><\/figcaption><\/figure>\n\n\n\n<p><em>*Las actividades est\u00e1n sujetas a cambios. Si interesa que su actividad sea considerada para incluirla en nuestro calendario, por favor remita la informaci\u00f3n con anticipaci\u00f3n a <\/em><a href=\"mailto:noticelmesa@noticel.com\">noticelmesa@noticel.com<\/a><\/p>\n\n\n\n<p><em>*Prohibida la reproducci\u00f3n de este calendario en otros medios sin el consentimiento de NotiCel.<\/em><em><\/em><\/p>","protected":false},"excerpt":{"rendered":"<p>Si desea un fin de semana con muchas alternativas de eventos culturales para disfrutar, este es el momento. A continuaci\u00f3n, una muestra de las actividades que se realizar\u00e1n en la Isla. Jueves 3 de septiembre 12:00 pm | Contin\u00faa la exposici\u00f3n de arte titulada \u201cEl peine Afro: una historia de identidad y resistencia\u201d, que se [&hellip;]<\/p>","protected":false},"author":100,"featured_media":1022024,"comment_status":"open","ping_status":"open","sticky":false,"template":"","format":"standard","meta":{"_acf_changed":false,"_monsterinsights_skip_tracking":false,"ep_exclude_from_search":false,"footnotes":""},"categories":[57,52],"tags":[6767],"class_list":["post-1022013","post","type-post","status-publish","format-standard","has-post-thumbnail","hentry","category-cultura","category-entretenimiento","tag-calendario-de-actividades"],"acf":[],"aioseo_notices":[],"_links":{"self":[{"href":"https:\/\/noticel.com\/en\/wp-json\/wp\/v2\/posts\/1022013","targetHints":{"allow":["GET"]}}],"collection":[{"href":"https:\/\/noticel.com\/en\/wp-json\/wp\/v2\/posts"}],"about":[{"href":"https:\/\/noticel.com\/en\/wp-json\/wp\/v2\/types\/post"}],"author":[{"embeddable":true,"href":"https:\/\/noticel.com\/en\/wp-json\/wp\/v2\/users\/100"}],"replies":[{"embeddable":true,"href":"https:\/\/noticel.com\/en\/wp-json\/wp\/v2\/comments?post=1022013"}],"version-history":[{"count":4,"href":"https:\/\/noticel.com\/en\/wp-json\/wp\/v2\/posts\/1022013\/revisions"}],"predecessor-version":[{"id":1022225,"href":"https:\/\/noticel.com\/en\/wp-json\/wp\/v2\/posts\/1022013\/revisions\/1022225"}],"wp:featuredmedia":[{"embeddable":true,"href":"https:\/\/noticel.com\/en\/wp-json\/wp\/v2\/media\/1022024"}],"wp:attachment":[{"href":"https:\/\/noticel.com\/en\/wp-json\/wp\/v2\/media?parent=1022013"}],"wp:term":[{"taxonomy":"category","embeddable":true,"href":"https:\/\/noticel.com\/en\/wp-json\/wp\/v2\/categories?post=1022013"},{"taxonomy":"post_tag","embeddable":true,"href":"https:\/\/noticel.com\/en\/wp-json\/wp\/v2\/tags?post=1022013"}],"curies":[{"name":"wp","href":"https:\/\/api.w.org\/{rel}","templated":true}]}}