{"id":1022003,"date":"2026-09-03T05:48:00","date_gmt":"2026-09-03T09:48:00","guid":{"rendered":""},"modified":"2026-09-03T07:45:25","modified_gmt":"2026-09-03T11:45:25","slug":"la-cruz-roja-brinda-recomendaciones-para-la-temporada-pico-de-huracanes","status":"publish","type":"post","link":"https:\/\/noticel.com\/en\/noticias\/la-calle\/20260903\/la-cruz-roja-brinda-recomendaciones-para-la-temporada-pico-de-huracanes\/","title":{"rendered":"La Cruz Roja brinda recomendaciones para la temporada pico de huracanes"},"content":{"rendered":"<p>La Cruz Roja Americana, Cap\u00edtulo de Puerto Rico, public\u00f3 en redes unas entrevistas sobre diversos temas relacionados con la preparaci\u00f3n familiar durante un hurac\u00e1n.<\/p>\n\n\n\n<p>Los videos abordan temas como el manejo de medicamentos, la preparaci\u00f3n de las mascotas y las finanzas personales; est\u00e1n disponibles en el canal de YouTube y en las redes sociales de la organizaci\u00f3n.<\/p>\n\n\n\n<p>La serie incluye una conversaci\u00f3n sobre manejo de medicamentos junto a la Dra. Linet Rivera, farmac\u00e9utica cl\u00ednica; recomendaciones para preparar un kit de emergencia para mascotas con la Dra. Marymir Miranda, veterinaria de emergencias; y consejos sobre el fondo de emergencia y las finanzas personales con Suhailly Matos y Manuel Vidal, creadores del podcast Caf\u00e9 on a Budget.<\/p>\n\n\n\n<p>\u00abA trav\u00e9s de estas colaboraciones, profundizamos sobre unos temas en particulares que son muy importantes de cara a una emergencia o desastre natural como lo es la salud, la planificaci\u00f3n financiera familiar y nuestras mascotas\u00bb, expres\u00f3 Lee Vanessa Feliciano, ejecutiva regional de la Cruz Roja Americana Cap\u00edtulo de Puerto Rico.<\/p>\n\n\n\n<figure class=\"wp-block-embed is-type-video is-provider-youtube wp-block-embed-youtube wp-embed-aspect-16-9 wp-has-aspect-ratio\"><div class=\"wp-block-embed__wrapper\">\n<iframe loading=\"lazy\" title=\"Consejos sobre manejo de las finanzas en tiempos de emergencia\" width=\"500\" height=\"281\" src=\"https:\/\/www.youtube.com\/embed\/6xKCj71UmiM?feature=oembed\" frameborder=\"0\" allow=\"accelerometer; autoplay; clipboard-write; encrypted-media; gyroscope; picture-in-picture; web-share\" referrerpolicy=\"strict-origin-when-cross-origin\" allowfullscreen><\/iframe>\n<\/div><\/figure>\n\n\n\n<p>Algunas de las recomendaciones compartidas por estos expertos son:<\/p>\n\n\n\n<p><strong>Manejo de medicamentos<\/strong><\/p><div class=\"notic-content-middle\" id=\"notic-569773087\"><div class=\"notic-adlabel\">Advertisements<\/div><a data-no-instant=\"1\" href=\"https:\/\/qrco.de\/bgxd5v\" rel=\"noopener\" class=\"a2t-link\" target=\"_blank\" aria-label=\"DisplayAd-970&#215;903\"><img loading=\"lazy\" decoding=\"async\" src=\"https:\/\/cdn.noticel.com\/2026\/09\/02200307\/DisplayAd-970x903-1.jpg\" alt=\"\"  srcset=\"https:\/\/cdn.noticel.com\/2026\/09\/02200307\/DisplayAd-970x903-1.jpg 970w, https:\/\/cdn.noticel.com\/2026\/09\/02200307\/DisplayAd-970x903-1-300x28.jpg 300w, https:\/\/cdn.noticel.com\/2026\/09\/02200307\/DisplayAd-970x903-1-768x71.jpg 768w, https:\/\/cdn.noticel.com\/2026\/09\/02200307\/DisplayAd-970x903-1-18x2.jpg 18w\" sizes=\"(max-width: 970px) 100vw, 970px\" width=\"970\" height=\"90\"   \/><\/a><\/div>\n\n\n\n<ul class=\"wp-block-list\">\n<li>Tener suficientes abastos de los medicamentos que se utiliza regularmente y contar con medicamentos b\u00e1sicos como: analg\u00e9sicos, acetaminof\u00e9n, antihistam\u00ednicos, medicamentos para el malestar estomacal, antidiarreicos y sobres individuales de electrolitos.<\/li>\n\n\n\n<li>Si utiliza inhaladores, gluc\u00f3metro u otro equipo m\u00e9dico, incl\u00fayalos en su kit de emergencia para evitar interrupciones en el tratamiento.<\/li>\n\n\n\n<li>La insulina no debe exponerse a temperaturas extremas; evite el calor excesivo y la congelaci\u00f3n. Aunque puede conservarse durante varios d\u00edas a temperatura ambiente, es importante consultar con el fabricante o su farmac\u00e9utico para asegurar un almacenamiento adecuado.<\/li>\n<\/ul>\n\n\n\n<p><strong>Kit de emergencias para mascotas<\/strong><\/p>\n\n\n\n<ul class=\"wp-block-list\">\n<li>Incluir comida, agua y medicamentos para dos semanas.<\/li>\n\n\n\n<li>En una bolsa pl\u00e1stica sellada, tener copias del expediente m\u00e9dico de la mascota, certificado de vacunaci\u00f3n, especialmente de rabia, e incluir la informaci\u00f3n de contacto de su veterinario.<\/li>\n\n\n\n<li>A\u00f1adir frisa, peluche o un art\u00edculo para ayudarles a sentirse seguros si deben ser trasladados fuera del hogar.<\/li>\n<\/ul>\n\n\n\n<p><strong>Manejo de finanzas<\/strong><\/p>\n\n\n\n<ul class=\"wp-block-list\">\n<li>Contar con dinero en efectivo en denominaciones peque\u00f1as como parte de su fondo de emergencia.<\/li>\n\n\n\n<li>Un fondo de emergencia completo idealmente debe cubrir entre tres y seis meses de sus gastos esenciales; como gastos de vivienda, utilidades, transporte y alimentaci\u00f3n.<\/li>\n\n\n\n<li>Tener copia de los documentos importantes como p\u00f3lizas del seguro del hogar.<\/li>\n\n\n\n<li>Verifique los deducibles aplicables en caso de emergencia, confirme si cuenta con un seguro contra inundaciones y valide que sus p\u00f3lizas est\u00e9n vigentes.<\/li>\n\n\n\n<li>Tome fotograf\u00edas de su hogar antes de un hurac\u00e1n o desastre natural para documentar su condici\u00f3n y facilitar cualquier reclamaci\u00f3n ante la aseguradora.<\/li>\n<\/ul>\n\n\n\n<p>\u201cLa misi\u00f3n de la Cruz Roja Americana es prevenir y aliviar el sufrimiento humano en situaciones de emergencia mediante la movilizaci\u00f3n del poder del voluntariado y la generosidad de los donantes. Para conocer m\u00e1s consejos de preparaci\u00f3n ante un desastre natural, puede acceder cruzrojapr.net\u201d, dice un comunicado de la entidad.<\/p>\n\n\n\n<figure class=\"wp-block-embed is-type-video is-provider-youtube wp-block-embed-youtube wp-embed-aspect-16-9 wp-has-aspect-ratio\"><div class=\"wp-block-embed__wrapper\">\n<iframe loading=\"lazy\" title=\"Consejos para mascotas ante un hurac\u00e1n o emergencia\" width=\"500\" height=\"281\" src=\"https:\/\/www.youtube.com\/embed\/mEFxF5mbKNI?feature=oembed\" frameborder=\"0\" allow=\"accelerometer; autoplay; clipboard-write; encrypted-media; gyroscope; picture-in-picture; web-share\" referrerpolicy=\"strict-origin-when-cross-origin\" allowfullscreen><\/iframe>\n<\/div><\/figure>\n\n\n\n<figure class=\"wp-block-embed is-type-video is-provider-youtube wp-block-embed-youtube wp-embed-aspect-16-9 wp-has-aspect-ratio\"><div class=\"wp-block-embed__wrapper\">\n<iframe loading=\"lazy\" title=\"Consejos para el manejo de medicamentos al preparar la mochila de emergencia\" width=\"500\" height=\"281\" src=\"https:\/\/www.youtube.com\/embed\/Ut4JhIDyAnY?feature=oembed\" frameborder=\"0\" allow=\"accelerometer; autoplay; clipboard-write; encrypted-media; gyroscope; picture-in-picture; web-share\" referrerpolicy=\"strict-origin-when-cross-origin\" allowfullscreen><\/iframe>\n<\/div><\/figure>\n\n\n\n<p>Lea tambi\u00e9n:<\/p>\n\n\n\n<p><a href=\"https:\/\/noticel.com\/en\/el-tiempo\/20180905\/ante-un-huracan-verifique-fecha-de-expiracion-de-medicamentos\/\" title=\"\">Ante un hurac\u00e1n, verifique fecha de expiraci\u00f3n de medicamentos<\/a><\/p>\n\n\n\n<p><a href=\"https:\/\/noticel.com\/en\/ultima-hora\/20210530\/esto-es-lo-que-se-espera-en-la-temporada-de-huracanes-y-asi-debes-prepararte\/\" title=\"\">Esto es lo que se espera en la temporada de huracanes y as\u00ed debes prepararte<\/a><\/p>","protected":false},"excerpt":{"rendered":"<p>La Cruz Roja Americana, Cap\u00edtulo de Puerto Rico, public\u00f3 en redes unas entrevistas sobre diversos temas relacionados con la preparaci\u00f3n familiar durante un hurac\u00e1n. Los videos abordan temas como el manejo de medicamentos, la preparaci\u00f3n de las mascotas y las finanzas personales; est\u00e1n disponibles en el canal de YouTube y en las redes sociales de [&hellip;]<\/p>","protected":false},"author":100,"featured_media":1022005,"comment_status":"open","ping_status":"open","sticky":false,"template":"","format":"standard","meta":{"_acf_changed":false,"_monsterinsights_skip_tracking":false,"ep_exclude_from_search":false,"footnotes":""},"categories":[18,19,12],"tags":[6931,5771],"class_list":["post-1022003","post","type-post","status-publish","format-standard","has-post-thumbnail","hentry","category-el-tiempo","category-huracanes","category-la-calle","tag-recomendaciones","tag-temporada-de-huracanes"],"acf":[],"aioseo_notices":[],"_links":{"self":[{"href":"https:\/\/noticel.com\/en\/wp-json\/wp\/v2\/posts\/1022003","targetHints":{"allow":["GET"]}}],"collection":[{"href":"https:\/\/noticel.com\/en\/wp-json\/wp\/v2\/posts"}],"about":[{"href":"https:\/\/noticel.com\/en\/wp-json\/wp\/v2\/types\/post"}],"author":[{"embeddable":true,"href":"https:\/\/noticel.com\/en\/wp-json\/wp\/v2\/users\/100"}],"replies":[{"embeddable":true,"href":"https:\/\/noticel.com\/en\/wp-json\/wp\/v2\/comments?post=1022003"}],"version-history":[{"count":2,"href":"https:\/\/noticel.com\/en\/wp-json\/wp\/v2\/posts\/1022003\/revisions"}],"predecessor-version":[{"id":1022012,"href":"https:\/\/noticel.com\/en\/wp-json\/wp\/v2\/posts\/1022003\/revisions\/1022012"}],"wp:featuredmedia":[{"embeddable":true,"href":"https:\/\/noticel.com\/en\/wp-json\/wp\/v2\/media\/1022005"}],"wp:attachment":[{"href":"https:\/\/noticel.com\/en\/wp-json\/wp\/v2\/media?parent=1022003"}],"wp:term":[{"taxonomy":"category","embeddable":true,"href":"https:\/\/noticel.com\/en\/wp-json\/wp\/v2\/categories?post=1022003"},{"taxonomy":"post_tag","embeddable":true,"href":"https:\/\/noticel.com\/en\/wp-json\/wp\/v2\/tags?post=1022003"}],"curies":[{"name":"wp","href":"https:\/\/api.w.org\/{rel}","templated":true}]}}