{"id":1022002,"date":"2026-09-02T13:37:23","date_gmt":"2026-09-02T17:37:23","guid":{"rendered":""},"modified":"2026-09-02T13:40:17","modified_gmt":"2026-09-02T17:40:17","slug":"usda-amplia-declaracion-de-desastre-por-sequia-a-38-municipios","status":"publish","type":"post","link":"https:\/\/noticel.com\/en\/ultima-hora\/20260902\/usda-amplia-declaracion-de-desastre-por-sequia-a-38-municipios\/","title":{"rendered":"USDA ampl\u00eda declaraci\u00f3n de desastre por sequ\u00eda a 38 municipios"},"content":{"rendered":"<p>El Departamento de Agricultura de Estados Unidos (USDA, por sus siglas en ingl\u00e9s) ampli\u00f3 la declaraci\u00f3n de desastre por sequ\u00eda en Puerto Rico con la designaci\u00f3n de Barranquitas, Caguas y Guayama como \u00e1reas primarias y otros 16 municipios como \u00e1reas contiguas, inform\u00f3 el mi\u00e9rcoles la gobernadora Jenniffer Aydin Gonz\u00e1lez Col\u00f3n.<\/p>\n\n\n\n<p>Con la nueva determinaci\u00f3n y una declaraci\u00f3n anunciada el 26 de agosto, suman 38 los municipios distintos cubiertos por las designaciones federales relacionadas con la sequ\u00eda.<\/p>\n\n\n\n<p>\u201cAcabamos de recibir la notificaci\u00f3n de que el Departamento de Agricultura federal aprob\u00f3 una declaraci\u00f3n adicional de desastre por sequ\u00eda para Puerto Rico, designando tres municipios primarios y 16 municipios contiguos. Esta acci\u00f3n representa un apoyo adicional y cr\u00edtico para nuestros agricultores y productores afectados por las condiciones que contin\u00faa enfrentando nuestra Isla\u201d, dijo Gonz\u00e1lez Col\u00f3n en declaraciones escritas.<\/p>\n\n\n\n<p>Adem\u00e1s de Barranquitas, Caguas y Guayama como \u00e1reas primarias, la nueva declaraci\u00f3n incluye como municipios contiguos a Aguas Buenas, Aibonito, Arroyo, Cayey, Cidra, Coamo, Comer\u00edo, Corozal, Gurabo, Naranjito, Orocovis, Patillas, Salinas, San Juan, San Lorenzo y Trujillo Alto.<\/p>\n\n\n\n<p>Productores agr\u00edcolas elegibles de las \u00e1reas designadas podr\u00e1n ser considerados para pr\u00e9stamos de emergencia y otras herramientas de asistencia de la Farm Service Agency (FSA), sujetos a los requisitos federales.<\/p>\n\n\n\n<p>La designaci\u00f3n tambi\u00e9n permite que peque\u00f1os negocios y organizaciones sin fines de lucro elegibles en los municipios incluidos puedan solicitar pr\u00e9stamos por desastre para da\u00f1os econ\u00f3micos de la Administraci\u00f3n de Peque\u00f1os Negocios de Estados Unidos (SBA, por sus siglas en ingl\u00e9s), dirigidos a entidades que enfrenten dificultades econ\u00f3micas como consecuencia de la sequ\u00eda.<\/p><div class=\"notic-content-middle\" id=\"notic-2727923177\"><div class=\"notic-adlabel\">Advertisements<\/div><a data-no-instant=\"1\" href=\"https:\/\/qrco.de\/bgxd5v\" rel=\"noopener\" class=\"a2t-link\" target=\"_blank\" aria-label=\"DisplayAds-300&#215;2502\"><img loading=\"lazy\" decoding=\"async\" src=\"https:\/\/cdn.noticel.com\/2026\/09\/02200544\/DisplayAds-300x2502-1.jpg\" alt=\"\"  srcset=\"https:\/\/cdn.noticel.com\/2026\/09\/02200544\/DisplayAds-300x2502-1.jpg 300w, https:\/\/cdn.noticel.com\/2026\/09\/02200544\/DisplayAds-300x2502-1-14x12.jpg 14w\" sizes=\"(max-width: 300px) 100vw, 300px\" width=\"300\" height=\"250\"   \/><\/a><\/div>\n\n\n\n<p>Una declaraci\u00f3n anterior hab\u00eda incluido como \u00e1reas primarias a Cabo Rojo, Coamo, Gu\u00e1nica, Guayanilla, Juana D\u00edaz, Lajas, Pe\u00f1uelas, Ponce, Sabana Grande, Salinas, San Germ\u00e1n, Santa Isabel y Yauco.<\/p>\n\n\n\n<p>Adjuntas, Aibonito, Barranquitas, Cayey, Guayama, Hormigueros, Jayuya, Lares, Maricao, Mayag\u00fcez, Orocovis, Utuado y Villalba fueron incluidos entonces como municipios contiguos. Algunos de esos municipios aparecen nuevamente bajo la nueva designaci\u00f3n.<\/p>\n\n\n\n<p>Seg\u00fan La Fortaleza, la determinaci\u00f3n m\u00e1s reciente responde a las condiciones identificadas por el U.S. Drought Monitor en zonas que alcanzaron los criterios federales de intensidad y duraci\u00f3n requeridos para activar el mecanismo de asistencia.<\/p>\n\n\n\n<p>\u201cDesde el inicio de esta emergencia hemos trabajado para asegurar que Puerto Rico tenga acceso a todas las herramientas y recursos disponibles del Gobierno federal. Esta nueva declaraci\u00f3n demuestra que seguimos avanzando en esa direcci\u00f3n y que continuaremos identificando cada oportunidad de asistencia para apoyar a nuestros agricultores y proteger nuestra capacidad productiva\u201d, sostuvo Gonz\u00e1lez Col\u00f3n.<\/p>\n\n\n\n<p>Las gestiones relacionadas con la solicitud fueron trabajadas con la Administraci\u00f3n de Asuntos Federales de Puerto Rico y en coordinaci\u00f3n con el Departamento de Agricultura de Puerto Rico.<\/p>","protected":false},"excerpt":{"rendered":"<p>El Departamento de Agricultura de Estados Unidos (USDA, por sus siglas en ingl\u00e9s) ampli\u00f3 la declaraci\u00f3n de desastre por sequ\u00eda en Puerto Rico con la designaci\u00f3n de Barranquitas, Caguas y Guayama como \u00e1reas primarias y otros 16 municipios como \u00e1reas contiguas, inform\u00f3 el mi\u00e9rcoles la gobernadora Jenniffer Aydin Gonz\u00e1lez Col\u00f3n. Con la nueva determinaci\u00f3n y [&hellip;]<\/p>","protected":false},"author":100,"featured_media":1017605,"comment_status":"open","ping_status":"open","sticky":false,"template":"","format":"standard","meta":{"_acf_changed":false,"_monsterinsights_skip_tracking":false,"ep_exclude_from_search":false,"footnotes":""},"categories":[12,3,2],"tags":[6107,6016],"class_list":["post-1022002","post","type-post","status-publish","format-standard","has-post-thumbnail","hentry","category-la-calle","category-noticias","category-ultima-hora","tag-sequia","tag-usda"],"acf":[],"aioseo_notices":[],"_links":{"self":[{"href":"https:\/\/noticel.com\/en\/wp-json\/wp\/v2\/posts\/1022002","targetHints":{"allow":["GET"]}}],"collection":[{"href":"https:\/\/noticel.com\/en\/wp-json\/wp\/v2\/posts"}],"about":[{"href":"https:\/\/noticel.com\/en\/wp-json\/wp\/v2\/types\/post"}],"author":[{"embeddable":true,"href":"https:\/\/noticel.com\/en\/wp-json\/wp\/v2\/users\/100"}],"replies":[{"embeddable":true,"href":"https:\/\/noticel.com\/en\/wp-json\/wp\/v2\/comments?post=1022002"}],"version-history":[{"count":1,"href":"https:\/\/noticel.com\/en\/wp-json\/wp\/v2\/posts\/1022002\/revisions"}],"predecessor-version":[{"id":1022004,"href":"https:\/\/noticel.com\/en\/wp-json\/wp\/v2\/posts\/1022002\/revisions\/1022004"}],"wp:featuredmedia":[{"embeddable":true,"href":"https:\/\/noticel.com\/en\/wp-json\/wp\/v2\/media\/1017605"}],"wp:attachment":[{"href":"https:\/\/noticel.com\/en\/wp-json\/wp\/v2\/media?parent=1022002"}],"wp:term":[{"taxonomy":"category","embeddable":true,"href":"https:\/\/noticel.com\/en\/wp-json\/wp\/v2\/categories?post=1022002"},{"taxonomy":"post_tag","embeddable":true,"href":"https:\/\/noticel.com\/en\/wp-json\/wp\/v2\/tags?post=1022002"}],"curies":[{"name":"wp","href":"https:\/\/api.w.org\/{rel}","templated":true}]}}