{"id":1021989,"date":"2026-09-02T11:46:40","date_gmt":"2026-09-02T15:46:40","guid":{"rendered":""},"modified":"2026-09-02T11:52:01","modified_gmt":"2026-09-02T15:52:01","slug":"puerto-rico-busca-asentarse-en-la-elite-en-la-copa-del-mundo","status":"publish","type":"post","link":"https:\/\/noticel.com\/en\/deportes\/20260902\/puerto-rico-busca-asentarse-en-la-elite-en-la-copa-del-mundo\/","title":{"rendered":"Puerto Rico busca asentarse en la \u00e9lite en la Copa del Mundo"},"content":{"rendered":"<p>Redacci\u00f3n Deportes (EFE).- La selecci\u00f3n de Puerto Rico no defraud\u00f3 en la \u00faltima edici\u00f3n de la Copa del Mundo femenina de baloncesto, disputada en Sidney 2022, al alcanzar por primera vez en la historia los cuartos de final del torneo.<\/p>\n\n\n\n<p>El equipo isle\u00f1o acab\u00f3 la cita en octava posici\u00f3n y sent\u00f3 las bases para, poco despu\u00e9s, asegurar su presencia en los Juegos Ol\u00edmpicos de Par\u00eds 2024. No hubo triunfos en el Pierre-Mauroy de Lille, pero el equipo le plant\u00f3 cara a Serbia (58-55) y a Espa\u00f1a (62-63).<\/p>\n\n\n\n<p>La selecci\u00f3n llega en clara l\u00ednea ascendente y, por ello, se mantiene un roster continuista con s\u00f3lo cuatro caras nuevas respecto de la \u00faltima convocatoria ol\u00edmpica: Nina de Le\u00f3n, Zaida Gonz\u00e1lez, Imani McGee-Stafford y Denise Solis.<\/p>\n\n\n\n<p>Jacqueline Ben\u00edtez, Arella Guirantes, Brianna Jones, Tayra Mel\u00e9ndez, India Pag\u00e1n, Sof\u00eda Rosa, Pamela Rosado y Trinity San Antonio completan la lista definitiva de 12.<\/p>\n\n\n\n<p>El equipo dirigido por Jerry Batista logr\u00f3 la clasificaci\u00f3n para esta cita en el PreMundial en el que ejerci\u00f3 de anfitri\u00f3n y donde finaliz\u00f3 en la cuarta plaza que otorgaba el \u00faltimo billete para Berl\u00edn.<\/p>\n\n\n\n<p>Pese al buen desempe\u00f1o en la fase de grupos de Sidney 2022 donde se logr\u00f3 un triunfo hist\u00f3rico a Bosnia y Herzegovina, la situaci\u00f3n se plantea m\u00e1s complicada para la selecci\u00f3n puertorrique\u00f1a en esta edici\u00f3n al quedar encuadrada en el &#8216;grupo de la muerte&#8217; junto a B\u00e9lgica, Australia y Turqu\u00eda.<\/p><div class=\"notic-content-middle\" id=\"notic-1683758226\"><div class=\"notic-adlabel\">Advertisements<\/div><a data-no-instant=\"1\" href=\"https:\/\/qrco.de\/bgxd5v\" rel=\"noopener\" class=\"a2t-link\" target=\"_blank\" aria-label=\"300X600-SEBUSCA\"><img loading=\"lazy\" decoding=\"async\" src=\"https:\/\/cdn.noticel.com\/2026\/09\/02194007\/300X600-SEBUSCA.jpg\" alt=\"\"  srcset=\"https:\/\/cdn.noticel.com\/2026\/09\/02194007\/300X600-SEBUSCA.jpg 300w, https:\/\/cdn.noticel.com\/2026\/09\/02194007\/300X600-SEBUSCA-150x300.jpg 150w, https:\/\/cdn.noticel.com\/2026\/09\/02194007\/300X600-SEBUSCA-6x12.jpg 6w\" sizes=\"(max-width: 300px) 100vw, 300px\" width=\"300\" height=\"600\"   \/><\/a><\/div>\n\n\n\n<p>La aventura mundialista comenzar\u00e1 el viernes 4 de septiembre en el Max-Schmelling Halle ante Australia (11.30 horas CET) y tras contar con un d\u00eda de descanso, Puerto Rico se medir\u00e1 a la actual campeona de Europa, B\u00e9lgica en el Uber Arena (domingo 6 de septiembre, 16.45 horas CET).<\/p>\n\n\n\n<p>El equipo cerrar\u00e1 la fase de grupos con un \u00faltimo duelo ante Turqu\u00eda que se celebrar\u00e1 el lunes 7 a las 10.30 horas en el MSH.<\/p>\n\n\n\n<p>Arella Guirantes es la estrella de esta selecci\u00f3n y as\u00ed lo demostr\u00f3 en el pasado mundial donde se coron\u00f3 con la m\u00e1xima anotadora de la cita con 109 puntos en seis partidos (18.2 de media).<\/p>\n\n\n\n<p>Sus grandes actuaciones con Puerto Rico le valieron para fichar por el Perfumer\u00edas Avenida en 2024, en Espa\u00f1a, pero se march\u00f3 a mitad de temporada y desde entonces ha jugado en China y en Israel.<\/p>\n\n\n\n<p>Puerto Rico ocupa el puesto 13 del &#8216;ranking&#8217; FIBA y esta ser\u00e1 su tercera participaci\u00f3n consecutiva en una Copa del Mundo. Este equipo es, junto a Mali, el \u00fanico que no cuenta con ninguna jugadora WNBA en su plantilla. <\/p>","protected":false},"excerpt":{"rendered":"<p>Redacci\u00f3n Deportes (EFE).- La selecci\u00f3n de Puerto Rico no defraud\u00f3 en la \u00faltima edici\u00f3n de la Copa del Mundo femenina de baloncesto, disputada en Sidney 2022, al alcanzar por primera vez en la historia los cuartos de final del torneo. El equipo isle\u00f1o acab\u00f3 la cita en octava posici\u00f3n y sent\u00f3 las bases para, poco [&hellip;]<\/p>","protected":false},"author":102,"featured_media":1021990,"comment_status":"open","ping_status":"open","sticky":false,"template":"","format":"standard","meta":{"_acf_changed":false,"_monsterinsights_skip_tracking":false,"ep_exclude_from_search":false,"footnotes":""},"categories":[33,31],"tags":[306,483,152],"class_list":["post-1021989","post","type-post","status-publish","format-standard","has-post-thumbnail","hentry","category-baloncesto","category-deportes","tag-baloncesto-femenino","tag-copa-mundial","tag-puerto-rico"],"acf":[],"aioseo_notices":[],"_links":{"self":[{"href":"https:\/\/noticel.com\/en\/wp-json\/wp\/v2\/posts\/1021989","targetHints":{"allow":["GET"]}}],"collection":[{"href":"https:\/\/noticel.com\/en\/wp-json\/wp\/v2\/posts"}],"about":[{"href":"https:\/\/noticel.com\/en\/wp-json\/wp\/v2\/types\/post"}],"author":[{"embeddable":true,"href":"https:\/\/noticel.com\/en\/wp-json\/wp\/v2\/users\/102"}],"replies":[{"embeddable":true,"href":"https:\/\/noticel.com\/en\/wp-json\/wp\/v2\/comments?post=1021989"}],"version-history":[{"count":1,"href":"https:\/\/noticel.com\/en\/wp-json\/wp\/v2\/posts\/1021989\/revisions"}],"predecessor-version":[{"id":1021991,"href":"https:\/\/noticel.com\/en\/wp-json\/wp\/v2\/posts\/1021989\/revisions\/1021991"}],"wp:featuredmedia":[{"embeddable":true,"href":"https:\/\/noticel.com\/en\/wp-json\/wp\/v2\/media\/1021990"}],"wp:attachment":[{"href":"https:\/\/noticel.com\/en\/wp-json\/wp\/v2\/media?parent=1021989"}],"wp:term":[{"taxonomy":"category","embeddable":true,"href":"https:\/\/noticel.com\/en\/wp-json\/wp\/v2\/categories?post=1021989"},{"taxonomy":"post_tag","embeddable":true,"href":"https:\/\/noticel.com\/en\/wp-json\/wp\/v2\/tags?post=1021989"}],"curies":[{"name":"wp","href":"https:\/\/api.w.org\/{rel}","templated":true}]}}