{"id":1021971,"date":"2026-09-02T11:07:06","date_gmt":"2026-09-02T15:07:06","guid":{"rendered":""},"modified":"2026-09-02T11:15:03","modified_gmt":"2026-09-02T15:15:03","slug":"netanyahu-entra-en-gaza-y-reitera-que-israel-controla-el-60-no-nos-retiramos","status":"publish","type":"post","link":"https:\/\/noticel.com\/en\/ultima-hora\/20260902\/netanyahu-entra-en-gaza-y-reitera-que-israel-controla-el-60-no-nos-retiramos\/","title":{"rendered":"Netanyahu entra en Gaza y reitera que Israel controla el 60%: \u00abNo nos retiramos\u00bb"},"content":{"rendered":"<ul class=\"wp-block-list\">\n<li><\/li>\n<\/ul>\n\n\n\n<p>EFE &#8211; El primer ministro de Israel, Benjam\u00edn Netanyahu, entr\u00f3 este mi\u00e9rcoles a Gaza en una visita a las fuerzas armadas presentes en la Franja, donde reiter\u00f3 que estas controlan un 60% del territorio y que no se retirar\u00e1n, algo que contradice el acuerdo de alto el fuego.<\/p>\n\n\n\n<p>\u00abControlamos el terreno. No nos retiramos. Nos mantenemos en esta l\u00ednea. Controlamos el 60% de la Franja y a\u00fan nos queda mucho por hacer\u00bb, dijo el mandatario, seg\u00fan un videocomunicado difundido por su oficina, durante la visita a las tropas que ocupan Gaza hasta la l\u00ednea amarilla (la demarcaci\u00f3n hasta la que se replegaron cuando comenz\u00f3 la tregua).<\/p>\n\n\n\n<p>En su discurso, sonriente y con los escombros de viviendas gazat\u00edes tras de s\u00ed, el mandatario se jact\u00f3 tambi\u00e9n de la operaci\u00f3n del martes en la que una de las milicias de la Franja colaboracionistas con Israel capturaron, en la ciudad de Gaza (norte del enclave), a un presunto alto mando del grupo islamista Ham\u00e1s.<\/p>\n\n\n\n<p>\u00abEstamos haciendo todo lo posible para alcanzar nuestro objetivo: el desarme de Ham\u00e1s y la desmilitarizaci\u00f3n de Gaza\u00bb, contin\u00faa el mandatario al respecto de las operaciones israel\u00edes en Gaza, que obvian el alto el fuego vigente desde octubre de 2025.<\/p><div class=\"notic-content-middle\" id=\"notic-1383062821\"><div class=\"notic-adlabel\">Advertisements<\/div><a data-no-instant=\"1\" href=\"https:\/\/www.asegurate-bien.com\/\" rel=\"noopener\" class=\"a2t-link\" target=\"_blank\" aria-label=\"Acodese-Adaptaciones-Noticel-300&#215;250\"><img loading=\"lazy\" decoding=\"async\" src=\"https:\/\/cdn.noticel.com\/2026\/05\/30094423\/Acodese-Adaptaciones-Noticel-300x250-1.jpg\" alt=\"\"  srcset=\"https:\/\/cdn.noticel.com\/2026\/05\/30094423\/Acodese-Adaptaciones-Noticel-300x250-1.jpg 300w, https:\/\/cdn.noticel.com\/2026\/05\/30094423\/Acodese-Adaptaciones-Noticel-300x250-1-14x12.jpg 14w\" sizes=\"(max-width: 300px) 100vw, 300px\" width=\"300\" height=\"250\"   \/><\/a><\/div>\n\n\n\n<p>La Junta de Paz, el \u00f3rgano auspiciado por la Administraci\u00f3n de Donald Trump en Estados Unidos para supervisar la tregua, tolera los ataques contra amenazas \u00abinmediatas\u00bb en Gaza a las tropas israel\u00edes. Sin embargo, en las \u00faltimas semanas el Ej\u00e9rcito de Israel ha retomado tambi\u00e9n los ataques selectivos a infraestructuras que atribuye al grupo islamista u operaciones como la del martes.<\/p>\n\n\n\n<p>La hoja de ruta que estableci\u00f3 la Junta de Paz para el cumplimiento de la tregua establec\u00eda tambi\u00e9n que la retirada israel\u00ed, que Netanyahu niega en sus declaraciones, estuviera ligada al desarme de Ham\u00e1s.<br>Netanyahu recorri\u00f3 la posici\u00f3n militar junto al jefe del Estado Mayor del Ej\u00e9rcito de Israel, Eyal Zamir, y otros altos cargos militares. Posteriormente mantuvo con ellos un encuentro para evaluar la situaci\u00f3n de seguridad en el enclave.<\/p>\n\n\n\n<p>El primer ministro asegur\u00f3 que Israel ya ha alcanzado sus objetivos en Gaza \u00aben gran medida\u00bb, pero apunt\u00f3: \u00abA\u00fan queda trabajo por completar, y lo completaremos\u00bb.<\/p>\n\n\n\n<p>La visita y las declaraciones de Netanyahu se producen cuando el pa\u00eds se prepara para ir a elecciones el pr\u00f3ximo 27 de octubre. Los comicios someter\u00e1n a juicio el mandato del pol\u00edtico derechista, que ha mantenido al pa\u00eds con una ofensiva en Gaza y guerras e intercambios de fuego con sus vecinos regionales durante los \u00faltimos tres a\u00f1os.<\/p>","protected":false},"excerpt":{"rendered":"<p>EFE &#8211; El primer ministro de Israel, Benjam\u00edn Netanyahu, entr\u00f3 este mi\u00e9rcoles a Gaza en una visita a las fuerzas armadas presentes en la Franja, donde reiter\u00f3 que estas controlan un 60% del territorio y que no se retirar\u00e1n, algo que contradice el acuerdo de alto el fuego. \u00abControlamos el terreno. No nos retiramos. Nos [&hellip;]<\/p>","protected":false},"author":102,"featured_media":1021975,"comment_status":"open","ping_status":"open","sticky":false,"template":"","format":"standard","meta":{"_acf_changed":false,"_monsterinsights_skip_tracking":false,"ep_exclude_from_search":false,"footnotes":""},"categories":[17,3,2],"tags":[221,222,1557],"class_list":["post-1021971","post","type-post","status-publish","format-standard","has-post-thumbnail","hentry","category-mundo","category-noticias","category-ultima-hora","tag-gaza","tag-israel","tag-netanyahu"],"acf":[],"aioseo_notices":[],"_links":{"self":[{"href":"https:\/\/noticel.com\/en\/wp-json\/wp\/v2\/posts\/1021971","targetHints":{"allow":["GET"]}}],"collection":[{"href":"https:\/\/noticel.com\/en\/wp-json\/wp\/v2\/posts"}],"about":[{"href":"https:\/\/noticel.com\/en\/wp-json\/wp\/v2\/types\/post"}],"author":[{"embeddable":true,"href":"https:\/\/noticel.com\/en\/wp-json\/wp\/v2\/users\/102"}],"replies":[{"embeddable":true,"href":"https:\/\/noticel.com\/en\/wp-json\/wp\/v2\/comments?post=1021971"}],"version-history":[{"count":2,"href":"https:\/\/noticel.com\/en\/wp-json\/wp\/v2\/posts\/1021971\/revisions"}],"predecessor-version":[{"id":1021979,"href":"https:\/\/noticel.com\/en\/wp-json\/wp\/v2\/posts\/1021971\/revisions\/1021979"}],"wp:featuredmedia":[{"embeddable":true,"href":"https:\/\/noticel.com\/en\/wp-json\/wp\/v2\/media\/1021975"}],"wp:attachment":[{"href":"https:\/\/noticel.com\/en\/wp-json\/wp\/v2\/media?parent=1021971"}],"wp:term":[{"taxonomy":"category","embeddable":true,"href":"https:\/\/noticel.com\/en\/wp-json\/wp\/v2\/categories?post=1021971"},{"taxonomy":"post_tag","embeddable":true,"href":"https:\/\/noticel.com\/en\/wp-json\/wp\/v2\/tags?post=1021971"}],"curies":[{"name":"wp","href":"https:\/\/api.w.org\/{rel}","templated":true}]}}