{"id":1021966,"date":"2026-09-02T10:25:44","date_gmt":"2026-09-02T14:25:44","guid":{"rendered":""},"modified":"2026-09-02T11:31:02","modified_gmt":"2026-09-02T15:31:02","slug":"preocupados-por-ataques-a-derechos-constitucionales-y-a-la-profesion-legal","status":"publish","type":"post","link":"https:\/\/noticel.com\/en\/noticias\/20260902\/preocupados-por-ataques-a-derechos-constitucionales-y-a-la-profesion-legal\/","title":{"rendered":"Preocupados por ataques a derechos constitucionales y a la profesi\u00f3n legal"},"content":{"rendered":"<p>El Colegio de Abogados y Abogadas de Puerto Rico (CAAPR) expres\u00f3 hoy su preocupaci\u00f3n ante recientes manifestaciones p\u00fablicas y actuaciones que han creado serias limitaciones a los derechos de participaci\u00f3n ciudadana, libertad de expresi\u00f3n, acceso a la informaci\u00f3n p\u00fablica y acceso a la justicia.<\/p>\n\n\n\n<p>\u201cLa Constituci\u00f3n de Puerto Rico establece con claridad que nuestro sistema de gobierno tiene como meta promover el bienestar general y asegurar el goce cabal de los derechos humanos. Sin embargo, en tiempos recientes hemos observado limitaciones preocupantes a derechos esenciales como la participaci\u00f3n ciudadana, la libertad de expresi\u00f3n, el acceso a la informaci\u00f3n p\u00fablica y el acceso a la justicia\u201d, expres\u00f3 la presidenta del Colegio, Lcda. Vivian Godineaux Villaronga.<\/p>\n\n\n\n<p>El CAAPR denunci\u00f3 los atropellos sufridos por personas que han ejercido su derecho constitucional a expresarse y a manifestarse en defensa de bienes esenciales como el agua y la energ\u00eda el\u00e9ctrica. \u201cLa respuesta del gobierno, mediante despliegues desproporcionados de fuerza polic\u00edaca, genera serias preocupaciones sobre la seguridad de los manifestantes y posibles violaciones a sus derechos constitucionales\u201d, a\u00f1adi\u00f3 la Lcda. Yanira Reyes vicepresidenta del colegio.<\/p>\n\n\n\n<p>Adem\u00e1s, se refiri\u00f3 a las limitaciones cada vez m\u00e1s evidentes al ejercicio de la libertad de prensa, que deben ser atendidas con urgencia. \u201cEl acceso a la informaci\u00f3n p\u00fablica es un derecho constitucional. La prensa necesita libertad para investigar, preguntar, informar y fiscalizar, ya que la libertad de prensa es un pilar de toda sociedad democr\u00e1tica\u201d, manifest\u00f3.<\/p>\n\n\n\n<p>De igual forma, las portavoces reafirmaron que es deber estatutario de la instituci\u00f3n proteger la independencia, la libertad y la seguridad de la abogac\u00eda, que son elementos indispensables del Estado de derecho y la salud democr\u00e1tica del pa\u00eds.<\/p>\n\n\n\n<p>\u201cLas abogadas y abogados son trabajadores esenciales del acceso a la justicia. Nos une una preocupaci\u00f3n fundamental y un compromiso irrenunciable: defender y reafirmar la libertad, la independencia y la seguridad en el ejercicio de la profesi\u00f3n legal. Nuestra labor requiere independencia de criterio y la garant\u00eda de que factores externos no condicionen el ejercicio responsable de nuestras funciones\u201d, apunt\u00f3 Godineaux Villaronga.<\/p>\n\n\n\n<p>La representaci\u00f3n legal, record\u00f3, incluye la defensa de derechos constitucionales, de personas acusadas, comunidades marginadas, v\u00edctimas de abuso, trabajadores, consumidores, inmigrantes, personas sin recursos y otros sectores vulnerables. Defender a personas cuyos derechos han sido cuestionados o vulnerados es una labor encomiable y parte integral del ejercicio leg\u00edtimo de la profesi\u00f3n.<\/p><div class=\"notic-content-middle\" id=\"notic-197099928\"><div class=\"notic-adlabel\">Advertisements<\/div><a data-no-instant=\"1\" href=\"https:\/\/www.asegurate-bien.com\/\" rel=\"noopener\" class=\"a2t-link\" target=\"_blank\" aria-label=\"Acodese-Adaptaciones-Noticel-728&#215;90\"><img loading=\"lazy\" decoding=\"async\" src=\"https:\/\/cdn.noticel.com\/2026\/07\/30095222\/Acodese-Adaptaciones-Noticel-728x90-1.jpg\" alt=\"\"  srcset=\"https:\/\/cdn.noticel.com\/2026\/07\/30095222\/Acodese-Adaptaciones-Noticel-728x90-1.jpg 728w, https:\/\/cdn.noticel.com\/2026\/07\/30095222\/Acodese-Adaptaciones-Noticel-728x90-1-300x37.jpg 300w, https:\/\/cdn.noticel.com\/2026\/07\/30095222\/Acodese-Adaptaciones-Noticel-728x90-1-18x2.jpg 18w\" sizes=\"(max-width: 728px) 100vw, 728px\" width=\"728\" height=\"90\"   \/><\/a><\/div>\n\n\n\n<p>\u201cEn todos estos escenarios, la abogac\u00eda cumple una funci\u00f3n indispensable: asegurar que cada persona tenga voz, representaci\u00f3n y una oportunidad real de ser escuchada ante nuestras instituciones. Por ende, presentar recursos, formular argumentos jur\u00eddicos, impugnar actuaciones gubernamentales o exigir el cumplimiento de garant\u00edas constitucionales no solo es leg\u00edtimo, sino necesario en una democracia\u201d, manifest\u00f3 la l\u00edder de la clase togada del pa\u00eds.<a><\/a><\/p>\n\n\n\n<figure class=\"wp-block-image size-large\"><img loading=\"lazy\" decoding=\"async\" width=\"1024\" height=\"683\" src=\"https:\/\/cdn.noticel.com\/2026\/09\/02112848\/abogados-1024x683.jpg\" alt=\"\" class=\"wp-image-1021983\" srcset=\"https:\/\/cdn.noticel.com\/2026\/09\/02112848\/abogados-1024x683.jpg 1024w, https:\/\/cdn.noticel.com\/2026\/09\/02112848\/abogados-300x200.jpg 300w, https:\/\/cdn.noticel.com\/2026\/09\/02112848\/abogados-768x512.jpg 768w, https:\/\/cdn.noticel.com\/2026\/09\/02112848\/abogados-1536x1024.jpg 1536w, https:\/\/cdn.noticel.com\/2026\/09\/02112848\/abogados-18x12.jpg 18w, https:\/\/cdn.noticel.com\/2026\/09\/02112848\/abogados.jpg 1620w\" sizes=\"auto, (max-width: 1024px) 100vw, 1024px\" \/><figcaption class=\"wp-element-caption\"><em>La conferencia de prensa se realiz\u00f3 en la sede del Colegio de Abogados y Abogadas de Puerto Rico. (Nickolas N. Torres\/NotiCel)<\/em><\/figcaption><\/figure>\n\n\n\n<p>\u201cNuestro trabajo no debe estar amenazado por la identidad de la persona representada, porque el caso sea uno de alto inter\u00e9s p\u00fablico o porque nuestra posici\u00f3n jur\u00eddica no sea del agrado del gobierno de turno. Por el contrario, es precisamente en los casos m\u00e1s expuestos al escrutinio p\u00fablico o complejos donde la independencia de la abogac\u00eda adquiere mayor relevancia porque no podemos ceder ante presiones externas que act\u00faen en detrimento de los intereses del cliente\u201d, explic\u00f3 la profesora Yanira Reyes.<\/p>\n\n\n\n<p>Asimismo, las letradas enfatizaron que ning\u00fan abogado o abogada debe ver limitado su ejercicio profesional por la identidad de su cliente o por la naturaleza de la causa que representa.<\/p>\n\n\n\n<p>\u201cSi existe una alegaci\u00f3n de conducta impropia, debe atenderse mediante los mecanismos correspondientes, con objetividad, debido proceso y oportunidad real de defensa. Lo que no podemos permitir es que esos mecanismos se conviertan en instrumentos de intimidaci\u00f3n o represalia contra la abogac\u00eda\u201d, advirti\u00f3 Reyes.<\/p>\n\n\n\n<p>La presidenta del Colegio destac\u00f3 la importancia de las organizaciones de la sociedad civil, la prensa, los movimientos comunitarios y las entidades defensoras de derechos humanos. \u201cTodos compartimos una misi\u00f3n fundamental: defender derechos y fortalecer la democracia. Para cumplir con esa misi\u00f3n, necesitamos un espacio democr\u00e1tico suficientemente amplio para ejercer nuestras funciones con libertad e independencia.\u201d<\/p>\n\n\n\n<p>La conferencia de prensa cont\u00f3 con la participaci\u00f3n de representantes del Overseas Press Club, la Asociaci\u00f3n de Periodistas de Puerto Rico, Ayuda Legal Puerto Rico, la Sociedad para la Asistencia Legal, Kil\u00f3metro O, Uni\u00f3n de Asistencia Legal, Amnist\u00eda Internacional Puerto Rico, ACLU Puerto Rico, y la asamble\u00edsta municipal Daisy S\u00e1nchez.<\/p>","protected":false},"excerpt":{"rendered":"<p>El Colegio de Abogados y Abogadas de Puerto Rico (CAAPR) expres\u00f3 hoy su preocupaci\u00f3n ante recientes manifestaciones p\u00fablicas y actuaciones que han creado serias limitaciones a los derechos de participaci\u00f3n ciudadana, libertad de expresi\u00f3n, acceso a la informaci\u00f3n p\u00fablica y acceso a la justicia. \u201cLa Constituci\u00f3n de Puerto Rico establece con claridad que nuestro sistema [&hellip;]<\/p>","protected":false},"author":100,"featured_media":1021982,"comment_status":"open","ping_status":"open","sticky":false,"template":"","format":"standard","meta":{"_acf_changed":false,"_monsterinsights_skip_tracking":false,"ep_exclude_from_search":false,"footnotes":""},"categories":[12,3],"tags":[4460,3996],"class_list":["post-1021966","post","type-post","status-publish","format-standard","has-post-thumbnail","hentry","category-la-calle","category-noticias","tag-colegio-de-abogados","tag-derechos-civiles"],"acf":[],"aioseo_notices":[],"_links":{"self":[{"href":"https:\/\/noticel.com\/en\/wp-json\/wp\/v2\/posts\/1021966","targetHints":{"allow":["GET"]}}],"collection":[{"href":"https:\/\/noticel.com\/en\/wp-json\/wp\/v2\/posts"}],"about":[{"href":"https:\/\/noticel.com\/en\/wp-json\/wp\/v2\/types\/post"}],"author":[{"embeddable":true,"href":"https:\/\/noticel.com\/en\/wp-json\/wp\/v2\/users\/100"}],"replies":[{"embeddable":true,"href":"https:\/\/noticel.com\/en\/wp-json\/wp\/v2\/comments?post=1021966"}],"version-history":[{"count":2,"href":"https:\/\/noticel.com\/en\/wp-json\/wp\/v2\/posts\/1021966\/revisions"}],"predecessor-version":[{"id":1021985,"href":"https:\/\/noticel.com\/en\/wp-json\/wp\/v2\/posts\/1021966\/revisions\/1021985"}],"wp:featuredmedia":[{"embeddable":true,"href":"https:\/\/noticel.com\/en\/wp-json\/wp\/v2\/media\/1021982"}],"wp:attachment":[{"href":"https:\/\/noticel.com\/en\/wp-json\/wp\/v2\/media?parent=1021966"}],"wp:term":[{"taxonomy":"category","embeddable":true,"href":"https:\/\/noticel.com\/en\/wp-json\/wp\/v2\/categories?post=1021966"},{"taxonomy":"post_tag","embeddable":true,"href":"https:\/\/noticel.com\/en\/wp-json\/wp\/v2\/tags?post=1021966"}],"curies":[{"name":"wp","href":"https:\/\/api.w.org\/{rel}","templated":true}]}}