{"id":1021953,"date":"2026-09-02T10:05:16","date_gmt":"2026-09-02T14:05:16","guid":{"rendered":"https:\/\/noticel.com\/?p=1021953"},"modified":"2026-09-02T10:14:34","modified_gmt":"2026-09-02T14:14:34","slug":"el-gobierno-pide-liberar-fondos-para-reactivar-cinco-pozos-de-agua","status":"publish","type":"post","link":"https:\/\/noticel.com\/en\/ultima-hora\/20260902\/el-gobierno-pide-liberar-fondos-para-reactivar-cinco-pozos-de-agua\/","title":{"rendered":"El gobierno pide liberar fondos para reactivar cinco pozos de agua"},"content":{"rendered":"<p>El gobierno solicit\u00f3 ayer a la Junta de Supervisi\u00f3n y Administraci\u00f3n Financiera para Puerto Rico (la Junta) acceder a la $9,688,345 de la Reserva de Emergencia, de modo que los gastos elegibles puedan incluir la evaluaci\u00f3n r\u00e1pida, la rehabilitaci\u00f3n y la reactivaci\u00f3n de cinco pozos de abastecimiento p\u00fablico existentes.<br>\u00a0<br>En la misiva, dirigida al director ejecutivo de la Junta Robert F. Mujica, Jr., la mandataria indica que la autorizaci\u00f3n solicitada se limitar\u00eda a aquellos pozos que la Autoridad de Acueductos y Alcantarillados de Puerto Rico (AAA), en coordinaci\u00f3n con el Departamento de Recursos Naturales y Ambientales (DRNA) y el Departamento de Salud, determinen que pueden volver a ponerse en servicio de manera segura, legal, expedita y a un costo demostrablemente razonable.\u00a0<\/p>\n\n\n\n<p>Esta solicitud no busca autorizaci\u00f3n para un programa de capital indefinido, el bombeo indiscriminado de aguas subterr\u00e1neas ni el desarrollo de nuevos pozos sin la revisi\u00f3n t\u00e9cnica y reglamentaria requerida. Busca una medida de emergencia controlada para recuperar la capacidad de producci\u00f3n existente previamente, mientras Puerto Rico permanece bajo una emergencia de agua a nivel de toda la isla declarada por el gobierno.\u00a0<\/p>\n\n\n\n<p>El 31 de julio de 2026, la gobernadora Jenniffer Gonz\u00e1lez firm\u00f3 la Orden Ejecutiva N\u00fam. OE-2026-035, que declara un estado de emergencia relacionado con el uso del agua en todo Puerto Rico debido a la reducci\u00f3n significativa de las precipitaciones y al descenso de los niveles en los embalses principales. Adem\u00e1s, instruye a las agencias pertinentes a dar atenci\u00f3n prioritaria a la emergencia y a identificar y gestionar fondos estatales y federales disponibles para mitigar sus efectos.\u00a0<\/p>\n\n\n\n<p>El 5 de agosto de 2026, la Junta de Supervisi\u00f3n autoriz\u00f3 el acceso a la Reserva de Emergencia para gastos inmediatos de respuesta a la sequ\u00eda. La autorizaci\u00f3n identifica p\u00fablicamente el suministro, almacenamiento y distribuci\u00f3n de agua potable mediante camiones cisterna; sistemas m\u00f3viles de purificaci\u00f3n y potabilizaci\u00f3n; centros de distribuci\u00f3n temporales; y el apoyo log\u00edstico relacionado necesario para preservar los servicios esenciales y proteger la salud y el bienestar p\u00fablicos.\u00a0<\/p>\n\n\n\n<p>La gobernadora rese\u00f1a en la carta que ambas medidas son indispensables para transportar, trata o distribuir agua ya disponible, pero que por s\u00ed solas, no restauran la capacidad de la fuente de abastecimiento. Por consiguiente, el Gobierno solicita una autorizaci\u00f3n \u00fanica que no exceda, en este momento, la suma de $9,688,345 para la evaluaci\u00f3n, el dise\u00f1o, la rehabilitaci\u00f3n, la interconexi\u00f3n y los trabajos conexos necesarios para devolver al servicio cinco pozos de abastecimiento p\u00fablico identificados: Dorado Dairy N.\u00ba 1, Dorado Dairy N.\u00ba 2, Maguayo N.\u00ba 2, Campanilla N.\u00ba 8 y Levittown N.\u00ba 4.\u00a0<\/p><div class=\"notic-content-middle\" id=\"notic-325829223\"><div class=\"notic-adlabel\">Advertisements<\/div><a data-no-instant=\"1\" href=\"https:\/\/www.asegurate-bien.com\/\" rel=\"noopener\" class=\"a2t-link\" target=\"_blank\" aria-label=\"Acodese-Adaptaciones-Noticel-300&#215;600\"><img loading=\"lazy\" decoding=\"async\" src=\"https:\/\/cdn.noticel.com\/2026\/05\/30094652\/Acodese-Adaptaciones-Noticel-300x600-1.jpg\" alt=\"\"  srcset=\"https:\/\/cdn.noticel.com\/2026\/05\/30094652\/Acodese-Adaptaciones-Noticel-300x600-1.jpg 300w, https:\/\/cdn.noticel.com\/2026\/05\/30094652\/Acodese-Adaptaciones-Noticel-300x600-1-150x300.jpg 150w, https:\/\/cdn.noticel.com\/2026\/05\/30094652\/Acodese-Adaptaciones-Noticel-300x600-1-6x12.jpg 6w\" sizes=\"(max-width: 300px) 100vw, 300px\" width=\"300\" height=\"600\"   \/><\/a><\/div>\n\n\n\n<p>Estas estimaciones no constituyen una determinaci\u00f3n de que alguno de los pozos sea actualmente apto para el servicio de agua potable, ya que cada activo sigue sujeto a las certificaciones t\u00e9cnicas, sanitarias, ambientales, legales y fiscales requeridas en esta solicitud. De estar aptos los cinco pozos, se podr\u00edan recibir de ellos un total aproximado de 5 millones de galones diarios de agua.<\/p>\n\n\n\n<p>Para complementar esta solicitud, Gonz\u00e1lez Col\u00f3n firm\u00f3 la Orden Ejecutiva 2026-044, que enmienda la Orden Ejecutiva \u039f\u0395-2026-035 (que declar\u00f3 un estado de emergencia respecto al uso del agua en todo Puerto Rico) para incorporar medidas adicionales relacionadas a la infraestructura para el abasto de agua potable.\u00a0<br>Las enmiendas dispuestas mediante esta Orden Ejecutiva fortalecer\u00e1n la capacidad del Gobierno de Puerto Rico para responder de manera r\u00e1pida, coordinada y efectiva a la emergencia, proteger la salud y a seguridad p\u00fablica y garantizar la continuidad del abasto de agua potable.\u00a0<\/p>\n\n\n\n<p>Se autoriza y ordena a la AAA, al DRNA y AFI a realizar, todas aquellas gestiones y contrataciones de servicios profesionales, obras, bienes, equipos, suministros y dem\u00e1s recursos que resulten necesarios o convenientes para apoyar la identificaci\u00f3n, evaluaci\u00f3n, dise\u00f1o, desarrollo, contrataci\u00f3n y ejecuci\u00f3n de medidas dirigidas a aumentar, recuperar, proteger, optimizar o diversificar la disponibilidad y el abasto de agua durante la vigencia del estado de emergencia.\u00a0<\/p>\n\n\n\n<p>Estas medidas podr\u00e1n incluir, entre otras, la rehabilitaci\u00f3n de pozos existentes y el desarrollo de nuevos pozos; la instalaci\u00f3n de sistemas temporales o permanentes de pretratamiento, filtraci\u00f3n o potabilizaci\u00f3n; la instalaci\u00f3n u operaci\u00f3n de sistemas de bombeo auxiliares temporales en embalses y otras fuentes de agua; la rehabilitaci\u00f3n, reparaci\u00f3n o sustituci\u00f3n de bombas, motores, controles y sistemas el\u00e9ctricos; la instalaci\u00f3n, rehabilitaci\u00f3n o sustituci\u00f3n de tuber\u00edas temporales o permanentes; el establecimiento de interconexiones y desv\u00edos entre otros.<\/p>","protected":false},"excerpt":{"rendered":"<p>El gobierno solicit\u00f3 ayer a la Junta de Supervisi\u00f3n y Administraci\u00f3n Financiera para Puerto Rico (la Junta) acceder a la $9,688,345 de la Reserva de Emergencia, de modo que los gastos elegibles puedan incluir la evaluaci\u00f3n r\u00e1pida, la rehabilitaci\u00f3n y la reactivaci\u00f3n de cinco pozos de abastecimiento p\u00fablico existentes.\u00a0En la misiva, dirigida al director ejecutivo [&hellip;]<\/p>","protected":false},"author":100,"featured_media":1021961,"comment_status":"open","ping_status":"open","sticky":false,"template":"","format":"standard","meta":{"_acf_changed":false,"_monsterinsights_skip_tracking":false,"ep_exclude_from_search":false,"footnotes":""},"categories":[12,3,2],"tags":[],"class_list":["post-1021953","post","type-post","status-publish","format-standard","has-post-thumbnail","hentry","category-la-calle","category-noticias","category-ultima-hora"],"acf":[],"aioseo_notices":[],"_links":{"self":[{"href":"https:\/\/noticel.com\/en\/wp-json\/wp\/v2\/posts\/1021953","targetHints":{"allow":["GET"]}}],"collection":[{"href":"https:\/\/noticel.com\/en\/wp-json\/wp\/v2\/posts"}],"about":[{"href":"https:\/\/noticel.com\/en\/wp-json\/wp\/v2\/types\/post"}],"author":[{"embeddable":true,"href":"https:\/\/noticel.com\/en\/wp-json\/wp\/v2\/users\/100"}],"replies":[{"embeddable":true,"href":"https:\/\/noticel.com\/en\/wp-json\/wp\/v2\/comments?post=1021953"}],"version-history":[{"count":2,"href":"https:\/\/noticel.com\/en\/wp-json\/wp\/v2\/posts\/1021953\/revisions"}],"predecessor-version":[{"id":1021963,"href":"https:\/\/noticel.com\/en\/wp-json\/wp\/v2\/posts\/1021953\/revisions\/1021963"}],"wp:featuredmedia":[{"embeddable":true,"href":"https:\/\/noticel.com\/en\/wp-json\/wp\/v2\/media\/1021961"}],"wp:attachment":[{"href":"https:\/\/noticel.com\/en\/wp-json\/wp\/v2\/media?parent=1021953"}],"wp:term":[{"taxonomy":"category","embeddable":true,"href":"https:\/\/noticel.com\/en\/wp-json\/wp\/v2\/categories?post=1021953"},{"taxonomy":"post_tag","embeddable":true,"href":"https:\/\/noticel.com\/en\/wp-json\/wp\/v2\/tags?post=1021953"}],"curies":[{"name":"wp","href":"https:\/\/api.w.org\/{rel}","templated":true}]}}