{"id":1021945,"date":"2026-09-02T09:53:30","date_gmt":"2026-09-02T13:53:30","guid":{"rendered":""},"modified":"2026-09-02T10:04:29","modified_gmt":"2026-09-02T14:04:29","slug":"las-ventas-al-detal-en-el-ano-fiscal-2026-aumentaron-por-1-2","status":"publish","type":"post","link":"https:\/\/noticel.com\/en\/ultima-hora\/20260902\/las-ventas-al-detal-en-el-ano-fiscal-2026-aumentaron-por-1-2\/","title":{"rendered":"Las ventas al detal en el a\u00f1o fiscal 2026 aumentaron por 1.2%"},"content":{"rendered":"<p>Las ventas al detal en el mes de junio superaron el mismo mes en el 2025 y rebasaron por apenas $42 millones las registradas en mayo, seg\u00fan las cifras m\u00e1s recientes del Departamento del Trabajo y Recursos Humanos (DTRH).<\/p>\n\n\n\n<p>Las cifras tambi\u00e9n apuntan a que el a\u00f1o fiscal 2025-2026 super\u00f3 al pasado por 1.2%. En el 2025-2026 se alcanzaron ventas por $52,156.4 millones cuando en el a\u00f1o fiscal anterior totalizaron $51,528.8 millones.<\/p>\n\n\n\n<p>Las ventas registradas para junio de 2026 aumentaron a $4,463.0 millones, lo que representa un alza de 4.0% si se compara con el mismo mes en el 2025.<\/p>\n\n\n\n<p>Los grupos principales que reflejaron bajas en sus \u00edndices en la comparaci\u00f3n con mayo fueron los siguientes: Transportaci\u00f3n, 0.9%; Alimentos y Bebidas, 0.5%; y Ropa, 0.2%. Los grupos principales que reflejaron alzas en sus \u00edndices, tambi\u00e9n en la comparaci\u00f3n con mayo, fueron los siguientes: Entretenimiento, 0.2% y Otros Art\u00edculos y Servicios, 0.1%.<\/p>\n\n\n\n<p>Seg\u00fan la encuesta del grupo trabajador del DTRH, la tasa de desempleo ajustada en junio de 2026 fue estimada en 5.8%. Esta tasa represent\u00f3 un alza de 0.2% al compararlo con mayo de 2026 que fue de 5.6%.<\/p><div class=\"notic-content-middle\" id=\"notic-2833859942\"><div class=\"notic-adlabel\">Advertisements<\/div><a data-no-instant=\"1\" href=\"https:\/\/www.asegurate-bien.com\/\" rel=\"noopener\" class=\"a2t-link\" target=\"_blank\" aria-label=\"Acodese-Adaptaciones-Noticel-300&#215;600\"><img loading=\"lazy\" decoding=\"async\" src=\"https:\/\/cdn.noticel.com\/2026\/05\/30094652\/Acodese-Adaptaciones-Noticel-300x600-1.jpg\" alt=\"\"  srcset=\"https:\/\/cdn.noticel.com\/2026\/05\/30094652\/Acodese-Adaptaciones-Noticel-300x600-1.jpg 300w, https:\/\/cdn.noticel.com\/2026\/05\/30094652\/Acodese-Adaptaciones-Noticel-300x600-1-150x300.jpg 150w, https:\/\/cdn.noticel.com\/2026\/05\/30094652\/Acodese-Adaptaciones-Noticel-300x600-1-6x12.jpg 6w\" sizes=\"(max-width: 300px) 100vw, 300px\" width=\"300\" height=\"600\"   \/><\/a><\/div>\n\n\n\n<p>En la mirada internanual las ferreter\u00edas y tiendas de materiales para el hogar reflejaron el aumento m\u00e1s dram\u00e1tico con 20.6% y los veh\u00edculos nuevos y usados, con un incremento de 12.4%. Los grupos que experimentaron reducciones m\u00e1s significativas durante mayo de 2026 fueron: Restaurantes y lugares de bebidas alcoh\u00f3licas (-5.4%); Tiendas de joyer\u00eda, equipaje y art\u00edculos de cuero (-1.9%); y Equipos de patio y jardiner\u00eda (-0.8%);<\/p>\n\n\n\n<p>Las ventas de las PYMES mejoraron en junio con una subida de 3.7% al comparar con junio de 2025. Las ventas de las Peque\u00f1as empresas experimentaron un alza de 2.1%, y las ventas de las Medianas empresas registraron una baja de 5.3%.<\/p>\n\n\n\n<p>Los cambios m\u00e1s significativos durante el a\u00f1o fiscal 2026 son los siguientes:<\/p>\n\n\n\n<p>Los grupos con las mayores alzas reportadas fueron: Tiendas de deporte, instrumentos musicales y de entretenimiento (+11.9%); Veh\u00edculos de motor nuevos y usados (+9.4%); Tiendas de ropa (+8.2%); Tiendas de cosm\u00e9ticos, productos de belleza y perfumes (+6.4%); y Tiendas de calzado (+5.9%).<\/p>\n\n\n\n<p>Los siguientes grupos experimentaron reducciones durante el a\u00f1o fiscal: Tiendas por departamento y otros art\u00edculos miscel\u00e1neos (-7.5%); Distribuidores de combustible (-3.2%); Gasolineras y tiendas de conveniencia (-1.7%); Tiendas de art\u00edculos electr\u00f3nicos (-1.2%); y de Equipos de patio y jardiner\u00eda (-0.3%).<\/p>","protected":false},"excerpt":{"rendered":"<p>Las ventas al detal en el mes de junio superaron el mismo mes en el 2025 y rebasaron por apenas $42 millones las registradas en mayo, seg\u00fan las cifras m\u00e1s recientes del Departamento del Trabajo y Recursos Humanos (DTRH). Las cifras tambi\u00e9n apuntan a que el a\u00f1o fiscal 2025-2026 super\u00f3 al pasado por 1.2%. En [&hellip;]<\/p>","protected":false},"author":100,"featured_media":1021948,"comment_status":"open","ping_status":"open","sticky":false,"template":"","format":"standard","meta":{"_acf_changed":false,"_monsterinsights_skip_tracking":false,"ep_exclude_from_search":false,"footnotes":""},"categories":[23,22,2],"tags":[2470,4981],"class_list":["post-1021945","post","type-post","status-publish","format-standard","has-post-thumbnail","hentry","category-comercio","category-economia","category-ultima-hora","tag-dtrh","tag-ventas-al-detal"],"acf":[],"aioseo_notices":[],"_links":{"self":[{"href":"https:\/\/noticel.com\/en\/wp-json\/wp\/v2\/posts\/1021945","targetHints":{"allow":["GET"]}}],"collection":[{"href":"https:\/\/noticel.com\/en\/wp-json\/wp\/v2\/posts"}],"about":[{"href":"https:\/\/noticel.com\/en\/wp-json\/wp\/v2\/types\/post"}],"author":[{"embeddable":true,"href":"https:\/\/noticel.com\/en\/wp-json\/wp\/v2\/users\/100"}],"replies":[{"embeddable":true,"href":"https:\/\/noticel.com\/en\/wp-json\/wp\/v2\/comments?post=1021945"}],"version-history":[{"count":1,"href":"https:\/\/noticel.com\/en\/wp-json\/wp\/v2\/posts\/1021945\/revisions"}],"predecessor-version":[{"id":1021950,"href":"https:\/\/noticel.com\/en\/wp-json\/wp\/v2\/posts\/1021945\/revisions\/1021950"}],"wp:featuredmedia":[{"embeddable":true,"href":"https:\/\/noticel.com\/en\/wp-json\/wp\/v2\/media\/1021948"}],"wp:attachment":[{"href":"https:\/\/noticel.com\/en\/wp-json\/wp\/v2\/media?parent=1021945"}],"wp:term":[{"taxonomy":"category","embeddable":true,"href":"https:\/\/noticel.com\/en\/wp-json\/wp\/v2\/categories?post=1021945"},{"taxonomy":"post_tag","embeddable":true,"href":"https:\/\/noticel.com\/en\/wp-json\/wp\/v2\/tags?post=1021945"}],"curies":[{"name":"wp","href":"https:\/\/api.w.org\/{rel}","templated":true}]}}