{"id":1021942,"date":"2026-09-02T09:47:42","date_gmt":"2026-09-02T13:47:42","guid":{"rendered":""},"modified":"2026-09-02T09:53:54","modified_gmt":"2026-09-02T13:53:54","slug":"jose-hernandez-toledo-asume-las-riendas-de-los-arenosos-en-la-doble-a","status":"publish","type":"post","link":"https:\/\/noticel.com\/en\/deportes\/20260902\/jose-hernandez-toledo-asume-las-riendas-de-los-arenosos-en-la-doble-a\/","title":{"rendered":"Jos\u00e9 Hern\u00e1ndez Toledo asume las riendas de los Arenosos en la Doble A"},"content":{"rendered":"<p>La Federaci\u00f3n de B\u00e9isbol de Puerto Rico (FBPR) anunci\u00f3 el nombramiento del comerciante Jos\u00e9 Hern\u00e1ndez Toledo como nuevo apoderado de la franquicia de los Arenosos de Camuy de la Liga de B\u00e9isbol Superior Doble A.<\/p>\n\n\n\n<p>Hern\u00e1ndez Toledo sustituye a \u00c1ngel Sotomayor, quien renunci\u00f3 al cargo luego de cinco a\u00f1os al frente del equipo, periodo que incluy\u00f3 la hist\u00f3rica conquista del primer campeonato de Puerto Rico para la franquicia en 2023.<\/p>\n\n\n\n<p>El nuevo apoderado fue oficializado luego de sostener una reuni\u00f3n con el presidente de la FBPR, Jos\u00e9 Daniel Quiles y el director ejecutivo, Efra\u00edn Williams Gonz\u00e1lez. Su nombramiento ser\u00e1 presentado en la pr\u00f3xima reuni\u00f3n de la Junta de Directores de la FBPR.<\/p>\n\n\n\n<p>\u201cEncantado de la oportunidad que se me brinda de poder aportar un poco de conocimiento hacia la Doble A. Lo hacemos con mucho cari\u00f1o, con el mayor sentido de responsabilidad\u201d, indic\u00f3 Hern\u00e1ndez Toledo..<\/p><div class=\"notic-content-middle\" id=\"notic-3688566656\"><div class=\"notic-adlabel\">Advertisements<\/div><a data-no-instant=\"1\" href=\"https:\/\/qrco.de\/bgxd5v\" rel=\"noopener\" class=\"a2t-link\" target=\"_blank\" aria-label=\"DisplayAds-300&#215;250\"><img loading=\"lazy\" decoding=\"async\" src=\"https:\/\/cdn.noticel.com\/2026\/09\/02200431\/DisplayAds-300x250-1.jpg\" alt=\"\"  srcset=\"https:\/\/cdn.noticel.com\/2026\/09\/02200431\/DisplayAds-300x250-1.jpg 300w, https:\/\/cdn.noticel.com\/2026\/09\/02200431\/DisplayAds-300x250-1-14x12.jpg 14w\" sizes=\"(max-width: 300px) 100vw, 300px\" width=\"300\" height=\"250\"   \/><\/a><\/div>\n\n\n\n<p>Asegur\u00f3 que asume la encomienda con entusiasmo y con el compromiso de darle continuidad al proyecto que ha mantenido al Camuy como una de las franquicias competitivas de la Liga Doble A. El nuevo apoderado record\u00f3 que su relaci\u00f3n con la franquicia tiene m\u00e1s de dos d\u00e9cadas, como fan\u00e1tico y auspiciador.<\/p>\n\n\n\n<p>Uno de los principales retos para la pr\u00f3xima temporada ser\u00e1 continuar jugando fuera de Camuy, con Isabela como sede, situaci\u00f3n que obliga a la organizaci\u00f3n a redoblar esfuerzos para mantener el respaldo de la fanaticada y de los auspiciadores.<\/p>\n\n\n\n<p>\u201cSin lugar a dudas, es un gran reto que tenemos, pero hemos tenido buena recepci\u00f3n tanto de la Administraci\u00f3n Municipal de Camuy como de la Administraci\u00f3n Municipal de Isabela\u201d, detall\u00f3.<\/p>\n\n\n\n<p>\u201cVamos a hacer todo lo que est\u00e9 en nuestras manos para que la fanaticada llegue y para que el Camuy Arenas vuelva a ser nuevamente el campe\u00f3n de la regi\u00f3n norte y de Puerto Rico\u201d, a\u00f1adi\u00f3.<\/p>","protected":false},"excerpt":{"rendered":"<p>La Federaci\u00f3n de B\u00e9isbol de Puerto Rico (FBPR) anunci\u00f3 el nombramiento del comerciante Jos\u00e9 Hern\u00e1ndez Toledo como nuevo apoderado de la franquicia de los Arenosos de Camuy de la Liga de B\u00e9isbol Superior Doble A. Hern\u00e1ndez Toledo sustituye a \u00c1ngel Sotomayor, quien renunci\u00f3 al cargo luego de cinco a\u00f1os al frente del equipo, periodo que [&hellip;]<\/p>","protected":false},"author":100,"featured_media":1021943,"comment_status":"open","ping_status":"open","sticky":false,"template":"","format":"standard","meta":{"_acf_changed":false,"_monsterinsights_skip_tracking":false,"ep_exclude_from_search":false,"footnotes":""},"categories":[32,31],"tags":[314],"class_list":["post-1021942","post","type-post","status-publish","format-standard","has-post-thumbnail","hentry","category-beisbol","category-deportes","tag-beisbol-doble-a"],"acf":[],"aioseo_notices":[],"_links":{"self":[{"href":"https:\/\/noticel.com\/en\/wp-json\/wp\/v2\/posts\/1021942","targetHints":{"allow":["GET"]}}],"collection":[{"href":"https:\/\/noticel.com\/en\/wp-json\/wp\/v2\/posts"}],"about":[{"href":"https:\/\/noticel.com\/en\/wp-json\/wp\/v2\/types\/post"}],"author":[{"embeddable":true,"href":"https:\/\/noticel.com\/en\/wp-json\/wp\/v2\/users\/100"}],"replies":[{"embeddable":true,"href":"https:\/\/noticel.com\/en\/wp-json\/wp\/v2\/comments?post=1021942"}],"version-history":[{"count":1,"href":"https:\/\/noticel.com\/en\/wp-json\/wp\/v2\/posts\/1021942\/revisions"}],"predecessor-version":[{"id":1021944,"href":"https:\/\/noticel.com\/en\/wp-json\/wp\/v2\/posts\/1021942\/revisions\/1021944"}],"wp:featuredmedia":[{"embeddable":true,"href":"https:\/\/noticel.com\/en\/wp-json\/wp\/v2\/media\/1021943"}],"wp:attachment":[{"href":"https:\/\/noticel.com\/en\/wp-json\/wp\/v2\/media?parent=1021942"}],"wp:term":[{"taxonomy":"category","embeddable":true,"href":"https:\/\/noticel.com\/en\/wp-json\/wp\/v2\/categories?post=1021942"},{"taxonomy":"post_tag","embeddable":true,"href":"https:\/\/noticel.com\/en\/wp-json\/wp\/v2\/tags?post=1021942"}],"curies":[{"name":"wp","href":"https:\/\/api.w.org\/{rel}","templated":true}]}}