{"id":1021934,"date":"2026-09-02T09:03:42","date_gmt":"2026-09-02T13:03:42","guid":{"rendered":""},"modified":"2026-09-02T09:18:31","modified_gmt":"2026-09-02T13:18:31","slug":"piden-a-daco-que-aumente-el-precio-minimo-del-almud-de-cafe","status":"publish","type":"post","link":"https:\/\/noticel.com\/en\/ultima-hora\/20260902\/piden-a-daco-que-aumente-el-precio-minimo-del-almud-de-cafe\/","title":{"rendered":"Piden a DACO que aumente el precio m\u00ednimo del almud de caf\u00e9"},"content":{"rendered":"<p>Con la cosecha de caf\u00e9 2026-2027 ya en marcha, Productores de Caf\u00e9 de Puerto Rico, Inc. (PROCAFE) reclam\u00f3 al Departamento de Asuntos del Consumidor (DACO) que act\u00fae de inmediato y emita una determinaci\u00f3n sobre la revisi\u00f3n del precio m\u00ednimo garantizado al caficultor.<\/p>\n\n\n\n<p>Productores de Caf\u00e9 de Puerto Rico, Inc. (PROCAFE) es una entidad sin fines de lucro, de caficultores y otros actores de la cadena de valor del caf\u00e9 puertorrique\u00f1o, que promueve el desarrollo y fortalecimiento de la caficultura en Puerto Rico.<\/p>\n\n\n\n<p>La organizaci\u00f3n propone aumentar de $18 a $23 el precio m\u00ednimo por almud de caf\u00e9 uva maduro y de $12 a $17 por almud el de caf\u00e9 verde\/maduro y Robusta. La propuesta est\u00e1 sustentada en un estudio preparado por PROCAFE sobre los costos actuales de establecer, cultivar y cosechar una finca de caf\u00e9 en Puerto Rico, seg\u00fan indicaron en un comunicado de prensa.<\/p>\n\n\n\n<p>\u201cDACO tiene la informaci\u00f3n, conoce nuestra propuesta y tiene ante s\u00ed el estudio que demuestra la necesidad del ajuste. Mientras no se tome una decisi\u00f3n, la cosecha sigue avanzando y el caficultor contin\u00faa cobrando bajo precios que ya no responden al costo real de producir. Necesitamos una decisi\u00f3n ahora\u201d, expres\u00f3 Iris Jannette Rodr\u00edguez Hern\u00e1ndez, presidenta de PROCAFE.<\/p>\n\n\n\n<p>Antes de vender un solo almud, el caficultor incurre durante todo el a\u00f1o en gastos de mano de obra, recogido, abono, materiales, mantenimiento, seguros y otros costos operacionales. El an\u00e1lisis de PROCAFE refleja aumentos frente a 2022 en insumos esenciales como abonos, cal, fungicidas y herbicidas.<\/p>\n\n\n\n<p>La orden de precios vigente entr\u00f3 en vigor en 2023 y, seg\u00fan ha planteado el sector, no reconoci\u00f3 adecuadamente los costos de producci\u00f3n a nivel de finca incluso en aquel momento.<\/p>\n\n\n\n<p>\u201cEsto no es una cifra escogida al azar ni una aspiraci\u00f3n del sector. Estamos hablando de lo que cuesta producir caf\u00e9 hoy en Puerto Rico. Si queremos m\u00e1s caf\u00e9 puertorrique\u00f1o, tenemos que comenzar por hacer viable producirlo\u201d, afirm\u00f3 Rodr\u00edguez Hern\u00e1ndez.<\/p>\n\n\n\n<p>PROCAFE ya present\u00f3 formalmente su estudio de costos y ha solicitado acci\u00f3n de DACO. El planteamiento cuenta adem\u00e1s con respaldo expresado por compradores, beneficiadores y torrefactores, as\u00ed como del secretario de Agricultura.<\/p><div class=\"notic-content-middle\" id=\"notic-3378682158\"><div class=\"notic-adlabel\">Advertisements<\/div><a data-no-instant=\"1\" href=\"https:\/\/www.asegurate-bien.com\/\" rel=\"noopener\" class=\"a2t-link\" target=\"_blank\" aria-label=\"Acodese-Adaptaciones-Noticel-300&#215;600\"><img loading=\"lazy\" decoding=\"async\" src=\"https:\/\/cdn.noticel.com\/2026\/05\/30094652\/Acodese-Adaptaciones-Noticel-300x600-1.jpg\" alt=\"\"  srcset=\"https:\/\/cdn.noticel.com\/2026\/05\/30094652\/Acodese-Adaptaciones-Noticel-300x600-1.jpg 300w, https:\/\/cdn.noticel.com\/2026\/05\/30094652\/Acodese-Adaptaciones-Noticel-300x600-1-150x300.jpg 150w, https:\/\/cdn.noticel.com\/2026\/05\/30094652\/Acodese-Adaptaciones-Noticel-300x600-1-6x12.jpg 6w\" sizes=\"(max-width: 300px) 100vw, 300px\" width=\"300\" height=\"600\"   \/><\/a><\/div>\n\n\n\n<p>Para la organizaci\u00f3n, la etapa de an\u00e1lisis debe culminar y dar paso a una determinaci\u00f3n. Cada semana  adicional de demora, seg\u00fan su argumento, significa que una mayor cantidad del caf\u00e9 de esta cosecha se paga bajo los precios vigentes, reduciendo el efecto que cualquier ajuste podr\u00eda tener sobre los ingresos del agricultor.<\/p>\n\n\n\n<p>\u201cUna decisi\u00f3n que llegue tarde pierde buena parte de su prop\u00f3sito. El caficultor no puede recuperar despu\u00e9s lo que dej\u00f3 de recibir durante esta cosecha. DACO tiene los elementos necesarios para actuar y le corresponde hacerlo con m\u00e1xima urgencia\u201d, sostuvo Rodr\u00edguez Hern\u00e1ndez<strong>.<\/strong><\/p>\n\n\n\n<p><strong>Una decisi\u00f3n que beneficia a todo Puerto Rico.<\/strong><\/p>\n\n\n\n<p>PROCAFE enfatiz\u00f3 que revisar el precio m\u00ednimo no beneficia \u00fanicamente al caficultor. Una caficultura econ\u00f3micamente sostenible ayuda a mantener fincas en producci\u00f3n, preservar empleos y actividad econ\u00f3mica en las comunidades de la monta\u00f1a, fortalecer la cadena local del caf\u00e9 y crear mejores condiciones para aumentar la disponibilidad de caf\u00e9 producido en Puerto Rico.<\/p>\n\n\n\n<p>La organizaci\u00f3n sostuvo adem\u00e1s que proteger al productor y proteger al consumidor no son objetivos contrarios, sino componentes indispensables de una industria cafetalera saludable.<\/p>\n\n\n\n<p>\u201cAqu\u00ed gana Puerto Rico completo. Gana el caficultor cuando puede seguir produciendo; gana la industria cuando tiene una base agr\u00edcola m\u00e1s fuerte; gana el consumidor cuando existen mejores condiciones para que siga habiendo caf\u00e9 puertorrique\u00f1o; y ganan nuestros pueblos de la monta\u00f1a cuando la agricultura contin\u00faa generando actividad econ\u00f3mica\u201d, expres\u00f3 Rodr\u00edguez Hern\u00e1ndez.<\/p>\n\n\n\n<p>PROCAFE reiter\u00f3 su disponibilidad para atender de inmediato cualquier asunto t\u00e9cnico que DACO entienda pendiente, pero insisti\u00f3 en que el proceso debe culminar sin m\u00e1s demora.<\/p>\n\n\n\n<p>\u201cEl estudio est\u00e1 presentado. La propuesta est\u00e1 sobre la mesa. La cosecha comenz\u00f3. DACO tiene lo que necesita para tomar una decisi\u00f3n y tiene que tomarla ya. Cada d\u00eda cuenta para nuestros caficultores y para el futuro del caf\u00e9 puertorrique\u00f1o\u201d, concluy\u00f3 Rodr\u00edguez Hern\u00e1ndez.<\/p>\n\n\n\n<p><\/p>\n\n\n\n<p><\/p>","protected":false},"excerpt":{"rendered":"<p>Con la cosecha de caf\u00e9 2026-2027 ya en marcha, Productores de Caf\u00e9 de Puerto Rico, Inc. (PROCAFE) reclam\u00f3 al Departamento de Asuntos del Consumidor (DACO) que act\u00fae de inmediato y emita una determinaci\u00f3n sobre la revisi\u00f3n del precio m\u00ednimo garantizado al caficultor. Productores de Caf\u00e9 de Puerto Rico, Inc. (PROCAFE) es una entidad sin fines [&hellip;]<\/p>","protected":false},"author":100,"featured_media":408313,"comment_status":"open","ping_status":"open","sticky":false,"template":"","format":"standard","meta":{"_acf_changed":false,"_monsterinsights_skip_tracking":false,"ep_exclude_from_search":false,"footnotes":""},"categories":[27,22,2],"tags":[6929,243,716],"class_list":["post-1021934","post","type-post","status-publish","format-standard","has-post-thumbnail","hentry","category-agricultura","category-economia","category-ultima-hora","tag-almud","tag-cafe","tag-daco"],"acf":[],"aioseo_notices":[],"_links":{"self":[{"href":"https:\/\/noticel.com\/en\/wp-json\/wp\/v2\/posts\/1021934","targetHints":{"allow":["GET"]}}],"collection":[{"href":"https:\/\/noticel.com\/en\/wp-json\/wp\/v2\/posts"}],"about":[{"href":"https:\/\/noticel.com\/en\/wp-json\/wp\/v2\/types\/post"}],"author":[{"embeddable":true,"href":"https:\/\/noticel.com\/en\/wp-json\/wp\/v2\/users\/100"}],"replies":[{"embeddable":true,"href":"https:\/\/noticel.com\/en\/wp-json\/wp\/v2\/comments?post=1021934"}],"version-history":[{"count":2,"href":"https:\/\/noticel.com\/en\/wp-json\/wp\/v2\/posts\/1021934\/revisions"}],"predecessor-version":[{"id":1021939,"href":"https:\/\/noticel.com\/en\/wp-json\/wp\/v2\/posts\/1021934\/revisions\/1021939"}],"wp:featuredmedia":[{"embeddable":true,"href":"https:\/\/noticel.com\/en\/wp-json\/wp\/v2\/media\/408313"}],"wp:attachment":[{"href":"https:\/\/noticel.com\/en\/wp-json\/wp\/v2\/media?parent=1021934"}],"wp:term":[{"taxonomy":"category","embeddable":true,"href":"https:\/\/noticel.com\/en\/wp-json\/wp\/v2\/categories?post=1021934"},{"taxonomy":"post_tag","embeddable":true,"href":"https:\/\/noticel.com\/en\/wp-json\/wp\/v2\/tags?post=1021934"}],"curies":[{"name":"wp","href":"https:\/\/api.w.org\/{rel}","templated":true}]}}