{"id":1021929,"date":"2026-09-02T08:54:06","date_gmt":"2026-09-02T12:54:06","guid":{"rendered":""},"modified":"2026-09-02T08:58:58","modified_gmt":"2026-09-02T12:58:58","slug":"proponen-eximir-del-pago-de-contribuciones-los-ingresos-de-pacientes-de-cancer","status":"publish","type":"post","link":"https:\/\/noticel.com\/en\/ultima-hora\/20260902\/proponen-eximir-del-pago-de-contribuciones-los-ingresos-de-pacientes-de-cancer\/","title":{"rendered":"Proponen eximir del pago de contribuciones los ingresos de pacientes de c\u00e1ncer"},"content":{"rendered":"<p>Un proyecto de ley eximir\u00eda del pago de contribuci\u00f3n de ingresos, hasta los primeros $150,000 de ingreso bruto, a cualquier individuo que reciba un tratamiento contra el c\u00e1ncer.<\/p>\n\n\n\n<p>El proyecto tendr\u00eda un impacto fiscal que no es atendido en la medida de los representantes Jerry Nieves Rosario y Luis Jim\u00e9nez Torres. No obstante, se\u00f1alan en el Proyecto de la C\u00e1mara 1417 al se\u00f1alar que la poblaci\u00f3n elegible en un a\u00f1o dado no es el universo de sobrevivientes, sino la fracci\u00f3n de los aproximadamente 16,000 diagn\u00f3sticos anuales que se encuentra en tratamiento activo.<\/p>\n\n\n\n<p>Y as\u00ed, dejan en el aire el verdadero impacto del proyecto.<\/p>\n\n\n\n<p>\u201cUna parte sustancial de la cual son personas retiradas cuyas pensiones ya gozan de exenci\u00f3n parcial, o contribuyentes cuya obligaci\u00f3n contributiva se reduce de por s\u00ed por la ca\u00edda de sus ingresos durante el tratamiento\u201d, indicaron.<\/p>\n\n\n\n<p>El proyecto define tratamiento activo contra el c\u00e1ncer como la administraci\u00f3n al individuo tratamientos como quimioterapia, radioterapia; inmunoterapia; terapia dirigida o terapia biol\u00f3gica; cirug\u00eda oncol\u00f3gica; trasplante de m\u00e9dula \u00f3sea o de c\u00e9lulas, madre hematopoy\u00e9ticas; &nbsp;cuidados paliativos o de hospicio por raz\u00f3n de c\u00e1ncer en etapa avanzada o \u201ccualquier otra modalidad de tratamiento contra el c\u00e1ncer que el Secretario reconozca mediante reglamento\u201d.<\/p><div class=\"notic-content-middle\" id=\"notic-1975855594\"><div class=\"notic-adlabel\">Advertisements<\/div><a data-no-instant=\"1\" href=\"https:\/\/www.asegurate-bien.com\/\" rel=\"noopener\" class=\"a2t-link\" target=\"_blank\" aria-label=\"Acodese-Adaptaciones-Noticel-970&#215;90\"><img loading=\"lazy\" decoding=\"async\" src=\"https:\/\/cdn.noticel.com\/2026\/07\/30100146\/Acodese-Adaptaciones-Noticel-970x90-1.jpg\" alt=\"\"  srcset=\"https:\/\/cdn.noticel.com\/2026\/07\/30100146\/Acodese-Adaptaciones-Noticel-970x90-1.jpg 970w, https:\/\/cdn.noticel.com\/2026\/07\/30100146\/Acodese-Adaptaciones-Noticel-970x90-1-300x28.jpg 300w, https:\/\/cdn.noticel.com\/2026\/07\/30100146\/Acodese-Adaptaciones-Noticel-970x90-1-768x71.jpg 768w, https:\/\/cdn.noticel.com\/2026\/07\/30100146\/Acodese-Adaptaciones-Noticel-970x90-1-18x2.jpg 18w\" sizes=\"(max-width: 970px) 100vw, 970px\" width=\"970\" height=\"90\"   \/><\/a><\/div>\n\n\n\n<p>El t\u00e9rmino no incluye la terapia hormonal o endocrina de mantenimiento que se administre una vez concluido el tratamiento primario, las pruebas de cernimiento o de diagn\u00f3stico, ni el seguimiento o vigilancia m\u00e9dica de sobrevivientes que no est\u00e9n recibiendo alguna de las modalidades antes enumeradas.<\/p>\n\n\n\n<p>Para reclamar el beneficio, el contribuyente tendr\u00eda que presentar una certificaci\u00f3n m\u00e9dica expedida por un onc\u00f3logo, hemat\u00f3logo-onc\u00f3logo, radio-onc\u00f3logo y otro m\u00e9dico especialista.<\/p>\n\n\n\n<p>La Exposici\u00f3n de Motivos del proyecto indica que tan reciente como en el 2022 se diagnosticaron m\u00e1s de 16,500 nuevos casos de c\u00e1ncer y 5,392 personas fallecieron a causa de la enfermedad.<\/p>\n\n\n\n<p>Se recuerda en la medida que ya el C\u00f3digo de Rentas Internas exime de tributaci\u00f3n a ciertos grupos espec\u00edficos, como j\u00f3venes entre 16 y 26 a\u00f1os, horas extras de los polic\u00edas estatales y municipales y la compensaci\u00f3n por desempleo.<\/p>","protected":false},"excerpt":{"rendered":"<p>Un proyecto de ley eximir\u00eda del pago de contribuci\u00f3n de ingresos, hasta los primeros $150,000 de ingreso bruto, a cualquier individuo que reciba un tratamiento contra el c\u00e1ncer. El proyecto tendr\u00eda un impacto fiscal que no es atendido en la medida de los representantes Jerry Nieves Rosario y Luis Jim\u00e9nez Torres. No obstante, se\u00f1alan en [&hellip;]<\/p>","protected":false},"author":2736,"featured_media":1021932,"comment_status":"open","ping_status":"open","sticky":false,"template":"","format":"standard","meta":{"_acf_changed":false,"_monsterinsights_skip_tracking":false,"ep_exclude_from_search":false,"footnotes":""},"categories":[5,3,2],"tags":[467,3079,553],"class_list":["post-1021929","post","type-post","status-publish","format-standard","has-post-thumbnail","hentry","category-legislatura","category-noticias","category-ultima-hora","tag-cancer-3","tag-contribuciones","tag-proyecto"],"acf":[],"aioseo_notices":[],"_links":{"self":[{"href":"https:\/\/noticel.com\/en\/wp-json\/wp\/v2\/posts\/1021929","targetHints":{"allow":["GET"]}}],"collection":[{"href":"https:\/\/noticel.com\/en\/wp-json\/wp\/v2\/posts"}],"about":[{"href":"https:\/\/noticel.com\/en\/wp-json\/wp\/v2\/types\/post"}],"author":[{"embeddable":true,"href":"https:\/\/noticel.com\/en\/wp-json\/wp\/v2\/users\/2736"}],"replies":[{"embeddable":true,"href":"https:\/\/noticel.com\/en\/wp-json\/wp\/v2\/comments?post=1021929"}],"version-history":[{"count":1,"href":"https:\/\/noticel.com\/en\/wp-json\/wp\/v2\/posts\/1021929\/revisions"}],"predecessor-version":[{"id":1021933,"href":"https:\/\/noticel.com\/en\/wp-json\/wp\/v2\/posts\/1021929\/revisions\/1021933"}],"wp:featuredmedia":[{"embeddable":true,"href":"https:\/\/noticel.com\/en\/wp-json\/wp\/v2\/media\/1021932"}],"wp:attachment":[{"href":"https:\/\/noticel.com\/en\/wp-json\/wp\/v2\/media?parent=1021929"}],"wp:term":[{"taxonomy":"category","embeddable":true,"href":"https:\/\/noticel.com\/en\/wp-json\/wp\/v2\/categories?post=1021929"},{"taxonomy":"post_tag","embeddable":true,"href":"https:\/\/noticel.com\/en\/wp-json\/wp\/v2\/tags?post=1021929"}],"curies":[{"name":"wp","href":"https:\/\/api.w.org\/{rel}","templated":true}]}}