{"id":1021897,"date":"2026-09-02T07:02:45","date_gmt":"2026-09-02T11:02:45","guid":{"rendered":""},"modified":"2026-09-02T07:08:51","modified_gmt":"2026-09-02T11:08:51","slug":"hallan-cuerpo-de-hombre-baleado-en-arecibo","status":"publish","type":"post","link":"https:\/\/noticel.com\/en\/noticias\/20260902\/hallan-cuerpo-de-hombre-baleado-en-arecibo\/","title":{"rendered":"Hallan cuerpo de hombre baleado en Arecibo"},"content":{"rendered":"<p>Un asesinato se report\u00f3 a eso de las 11:32 de la noche del martes en la avenida Constituci\u00f3n, calle B, cerca del colmado Torres en Arecibo.<\/p>\n\n\n\n<p>Seg\u00fan el reporte de la Polic\u00eda, una llamada a trav\u00e9s del Sistema de Emergencias 9-1-1, alert\u00f3 sobre disparos en el lugar.\u00a0Al llegar los agentes \u00a0encontraron sobre el pavimento y a orillas de la carretera, el cad\u00e1ver baleado de un hombre de aproximadamente 30 a\u00f1os.<\/p>\n\n\n\n<p>En la escena se ocuparon m\u00faltiples casquillos de diferentes calibres.<\/p><div class=\"notic-content-middle\" id=\"notic-1908002171\"><div class=\"notic-adlabel\">Advertisements<\/div><a data-no-instant=\"1\" href=\"https:\/\/www.asegurate-bien.com\/\" rel=\"noopener\" class=\"a2t-link\" target=\"_blank\" aria-label=\"Acodese-Adaptaciones-Noticel-300&#215;250\"><img loading=\"lazy\" decoding=\"async\" src=\"https:\/\/cdn.noticel.com\/2026\/05\/30094423\/Acodese-Adaptaciones-Noticel-300x250-1.jpg\" alt=\"\"  srcset=\"https:\/\/cdn.noticel.com\/2026\/05\/30094423\/Acodese-Adaptaciones-Noticel-300x250-1.jpg 300w, https:\/\/cdn.noticel.com\/2026\/05\/30094423\/Acodese-Adaptaciones-Noticel-300x250-1-14x12.jpg 14w\" sizes=\"(max-width: 300px) 100vw, 300px\" width=\"300\" height=\"250\"   \/><\/a><\/div>\n\n\n\n<p>Fue descrito como de tez blanca, cabello corto de color casta\u00f1o y barba, aproximadamente 5 pies y 6 pulgada de estatura, 140 libras de peso aproximado y ten\u00eda varios tatuajes en diferentes partes del cuerpo. Vest\u00eda camisa y pantal\u00f3n deportivo negro largo.<\/p>\n\n\n\n<p>El agente Obed Mercado Arce, adscrito a la divisi\u00f3n de Homicidios del Cuerpo de Investigaciones Criminales de Arecibo y el fiscal Ismael Ortiz Roldan investigan.<\/p>","protected":false},"excerpt":{"rendered":"<p>Un asesinato se report\u00f3 a eso de las 11:32 de la noche del martes en la avenida Constituci\u00f3n, calle B, cerca del colmado Torres en Arecibo. Seg\u00fan el reporte de la Polic\u00eda, una llamada a trav\u00e9s del Sistema de Emergencias 9-1-1, alert\u00f3 sobre disparos en el lugar.\u00a0Al llegar los agentes \u00a0encontraron sobre el pavimento y [&hellip;]<\/p>","protected":false},"author":101,"featured_media":951681,"comment_status":"open","ping_status":"open","sticky":false,"template":"","format":"standard","meta":{"_acf_changed":false,"_monsterinsights_skip_tracking":false,"ep_exclude_from_search":false,"footnotes":""},"categories":[3,15],"tags":[679,142],"class_list":["post-1021897","post","type-post","status-publish","format-standard","has-post-thumbnail","hentry","category-noticias","category-policiacas","tag-arecibo","tag-asesinato"],"acf":[],"aioseo_notices":[],"_links":{"self":[{"href":"https:\/\/noticel.com\/en\/wp-json\/wp\/v2\/posts\/1021897","targetHints":{"allow":["GET"]}}],"collection":[{"href":"https:\/\/noticel.com\/en\/wp-json\/wp\/v2\/posts"}],"about":[{"href":"https:\/\/noticel.com\/en\/wp-json\/wp\/v2\/types\/post"}],"author":[{"embeddable":true,"href":"https:\/\/noticel.com\/en\/wp-json\/wp\/v2\/users\/101"}],"replies":[{"embeddable":true,"href":"https:\/\/noticel.com\/en\/wp-json\/wp\/v2\/comments?post=1021897"}],"version-history":[{"count":1,"href":"https:\/\/noticel.com\/en\/wp-json\/wp\/v2\/posts\/1021897\/revisions"}],"predecessor-version":[{"id":1021899,"href":"https:\/\/noticel.com\/en\/wp-json\/wp\/v2\/posts\/1021897\/revisions\/1021899"}],"wp:featuredmedia":[{"embeddable":true,"href":"https:\/\/noticel.com\/en\/wp-json\/wp\/v2\/media\/951681"}],"wp:attachment":[{"href":"https:\/\/noticel.com\/en\/wp-json\/wp\/v2\/media?parent=1021897"}],"wp:term":[{"taxonomy":"category","embeddable":true,"href":"https:\/\/noticel.com\/en\/wp-json\/wp\/v2\/categories?post=1021897"},{"taxonomy":"post_tag","embeddable":true,"href":"https:\/\/noticel.com\/en\/wp-json\/wp\/v2\/tags?post=1021897"}],"curies":[{"name":"wp","href":"https:\/\/api.w.org\/{rel}","templated":true}]}}