{"id":1021889,"date":"2026-09-02T06:22:43","date_gmt":"2026-09-02T10:22:43","guid":{"rendered":""},"modified":"2026-09-02T06:35:40","modified_gmt":"2026-09-02T10:35:40","slug":"las-temperaturas-altas-y-la-humedad-produciran-hoy-indices-de-calor-elevados","status":"publish","type":"post","link":"https:\/\/noticel.com\/en\/noticias\/20260902\/las-temperaturas-altas-y-la-humedad-produciran-hoy-indices-de-calor-elevados\/","title":{"rendered":"Las temperaturas altas y la humedad producir\u00e1n hoy \u00edndices de calor elevados"},"content":{"rendered":"<p>Durante la tarde de hoy se esperan aguaceros y tronadas, con las lluvias m\u00e1s fuertes sobre el interior y oeste de Puerto Rico, inform\u00f3 el Servicio Nacional de Meteorolog\u00eda.<\/p>\n\n\n\n<p>Las temperaturas altas combinadas con la humedad producir\u00e1n \u00edndices de calor elevados. Hay una advertencia de calor vigente para todo Puerto Rico desde las 10:00 a.m. hasta las 4:00 p.m.<\/p>\n\n\n\n<p>Los datos de sat\u00e9lite indican que una masa de aire h\u00fameda permanece sobre la regi\u00f3n, con m\u00e1s de dos pulgadas de humedad disponible en la atm\u00f3sfera. La mayor parte de esta humedad se encuentra desde la superficie hasta los niveles medios de la atm\u00f3sfera, mientras que en niveles m\u00e1s altos est\u00e1 entrando aire m\u00e1s seco.<\/p>\n\n\n\n<p>Una alta presi\u00f3n en la superficie sobre el Caribe oriental favorecer\u00e1 vientos leves del este. Al mismo tiempo, una vaguada en los niveles altos de la atm\u00f3sfera mantendr\u00e1 cierta inestabilidad sobre el noreste del Caribe antes de debilitarse gradualmente durante el d\u00eda.<\/p>\n\n\n\n<p>Para hoy, aguaceros dispersos, principalmente entre el mediod\u00eda y las 3:00 p.m. Estar\u00e1 mayormente soleado, con temperatura m\u00e1xima cercana a 91 \u00b0F. El \u00edndice de calor podr\u00eda alcanzar 106 \u00b0F. Viento del este-noreste entre 6 y 14 mph, con r\u00e1fagas de hasta 20 mph. Probabilidad de lluvia de 30 %.<\/p>\n\n\n\n<p>Esta noche, aguaceros aislados. Parcialmente nublado, con temperatura m\u00ednima cercana a 80 \u00b0F. Viento del este-sureste entre 6 y 9 mph. Probabilidad de lluvia de 20 %.<\/p>\n\n\n\n<p>Durante los pr\u00f3ximos d\u00edas prevalecer\u00e1 un riesgo bajo de corrientes marinas. Sin embargo, incluso con un riesgo general bajo pueden ocurrir corrientes marinas potencialmente mortales cerca de rompeolas, espigones, arrecifes y muelles.<\/p>\n\n\n\n<p>Una onda tropical d\u00e9bil aumentar\u00e1 las probabilidades de lluvia para el viernes. Despu\u00e9s, a principios de la pr\u00f3xima semana, podr\u00eda llegar humedad adicional que aumentar\u00eda nuevamente las probabilidades de lluvia en la regi\u00f3n.<\/p>","protected":false},"excerpt":{"rendered":"<p>Durante la tarde de hoy se esperan aguaceros y tronadas, con las lluvias m\u00e1s fuertes sobre el interior y oeste de Puerto Rico, inform\u00f3 el Servicio Nacional de Meteorolog\u00eda. Las temperaturas altas combinadas con la humedad producir\u00e1n \u00edndices de calor elevados. Hay una advertencia de calor vigente para todo Puerto Rico desde las 10:00 a.m. [&hellip;]<\/p>","protected":false},"author":101,"featured_media":1021890,"comment_status":"open","ping_status":"open","sticky":false,"template":"","format":"standard","meta":{"_acf_changed":false,"_monsterinsights_skip_tracking":false,"ep_exclude_from_search":false,"footnotes":""},"categories":[18,3],"tags":[163,284,522,523],"class_list":["post-1021889","post","type-post","status-publish","format-standard","has-post-thumbnail","hentry","category-el-tiempo","category-noticias","tag-lluvias","tag-oleaje","tag-temperatura","tag-vientos"],"acf":[],"aioseo_notices":[],"_links":{"self":[{"href":"https:\/\/noticel.com\/en\/wp-json\/wp\/v2\/posts\/1021889","targetHints":{"allow":["GET"]}}],"collection":[{"href":"https:\/\/noticel.com\/en\/wp-json\/wp\/v2\/posts"}],"about":[{"href":"https:\/\/noticel.com\/en\/wp-json\/wp\/v2\/types\/post"}],"author":[{"embeddable":true,"href":"https:\/\/noticel.com\/en\/wp-json\/wp\/v2\/users\/101"}],"replies":[{"embeddable":true,"href":"https:\/\/noticel.com\/en\/wp-json\/wp\/v2\/comments?post=1021889"}],"version-history":[{"count":2,"href":"https:\/\/noticel.com\/en\/wp-json\/wp\/v2\/posts\/1021889\/revisions"}],"predecessor-version":[{"id":1021893,"href":"https:\/\/noticel.com\/en\/wp-json\/wp\/v2\/posts\/1021889\/revisions\/1021893"}],"wp:featuredmedia":[{"embeddable":true,"href":"https:\/\/noticel.com\/en\/wp-json\/wp\/v2\/media\/1021890"}],"wp:attachment":[{"href":"https:\/\/noticel.com\/en\/wp-json\/wp\/v2\/media?parent=1021889"}],"wp:term":[{"taxonomy":"category","embeddable":true,"href":"https:\/\/noticel.com\/en\/wp-json\/wp\/v2\/categories?post=1021889"},{"taxonomy":"post_tag","embeddable":true,"href":"https:\/\/noticel.com\/en\/wp-json\/wp\/v2\/tags?post=1021889"}],"curies":[{"name":"wp","href":"https:\/\/api.w.org\/{rel}","templated":true}]}}