{"id":1021854,"date":"2026-09-01T19:29:34","date_gmt":"2026-09-01T23:29:34","guid":{"rendered":""},"modified":"2026-09-01T19:34:37","modified_gmt":"2026-09-01T23:34:37","slug":"ciencias-medicas-reprograma-citas-de-clinicas-para-el-miercoles-por-continuacion-de-huelga","status":"publish","type":"post","link":"https:\/\/noticel.com\/en\/noticias\/20260901\/ciencias-medicas-reprograma-citas-de-clinicas-para-el-miercoles-por-continuacion-de-huelga\/","title":{"rendered":"Ciencias M\u00e9dicas reprograma citas de cl\u00ednicas para el mi\u00e9rcoles por continuaci\u00f3n de huelga"},"content":{"rendered":"<p><\/p>\n\n\n\n<p>El Recinto de Ciencias M\u00e9dicas de la Universidad de Puerto Rico (RCM-UPR) inform\u00f3 el martes que reprogram\u00f3 citas de varias cl\u00ednicas de salud pautadas para el mi\u00e9rcoles debido a la continuaci\u00f3n de la huelga decretada por el Sindicato de Trabajadores.<\/p>\n\n\n\n<p>Las citas afectadas corresponden a la Cl\u00ednica de la Escuela de Medicina Dental y a algunos pacientes de la Cl\u00ednica de la Escuela de Medicina que requieren procedimientos con personal de apoyo.<\/p>\n\n\n\n<p>El Recinto indic\u00f3 que las actividades acad\u00e9micas, administrativas, pr\u00e1cticas de investigaci\u00f3n y servicios de apoyo estudiantil continuar\u00e1n seg\u00fan programados.<\/p>\n\n\n\n<p>Adem\u00e1s, exhort\u00f3 a las personas con citas para el jueves, 3 de septiembre, a mantenerse pendientes de los comunicados oficiales ante cualquier cambio en las operaciones.<\/p>\n\n\n\n<p>La instituci\u00f3n inform\u00f3 que divulgar\u00e1 cualquier actualizaci\u00f3n mediante sus canales oficiales y redes sociales.<\/p>","protected":false},"excerpt":{"rendered":"<p>El Recinto de Ciencias M\u00e9dicas de la Universidad de Puerto Rico (RCM-UPR) inform\u00f3 el martes que reprogram\u00f3 citas de varias cl\u00ednicas de salud pautadas para el mi\u00e9rcoles debido a la continuaci\u00f3n de la huelga decretada por el Sindicato de Trabajadores. Las citas afectadas corresponden a la Cl\u00ednica de la Escuela de Medicina Dental y a [&hellip;]<\/p>","protected":false},"author":101,"featured_media":1021855,"comment_status":"open","ping_status":"open","sticky":false,"template":"","format":"standard","meta":{"_acf_changed":false,"_monsterinsights_skip_tracking":false,"ep_exclude_from_search":false,"footnotes":""},"categories":[4,3],"tags":[6927,201],"class_list":["post-1021854","post","type-post","status-publish","format-standard","has-post-thumbnail","hentry","category-gobierno","category-noticias","tag-ciencias-medicas-2","tag-upr"],"acf":[],"aioseo_notices":[],"_links":{"self":[{"href":"https:\/\/noticel.com\/en\/wp-json\/wp\/v2\/posts\/1021854","targetHints":{"allow":["GET"]}}],"collection":[{"href":"https:\/\/noticel.com\/en\/wp-json\/wp\/v2\/posts"}],"about":[{"href":"https:\/\/noticel.com\/en\/wp-json\/wp\/v2\/types\/post"}],"author":[{"embeddable":true,"href":"https:\/\/noticel.com\/en\/wp-json\/wp\/v2\/users\/101"}],"replies":[{"embeddable":true,"href":"https:\/\/noticel.com\/en\/wp-json\/wp\/v2\/comments?post=1021854"}],"version-history":[{"count":1,"href":"https:\/\/noticel.com\/en\/wp-json\/wp\/v2\/posts\/1021854\/revisions"}],"predecessor-version":[{"id":1021856,"href":"https:\/\/noticel.com\/en\/wp-json\/wp\/v2\/posts\/1021854\/revisions\/1021856"}],"wp:featuredmedia":[{"embeddable":true,"href":"https:\/\/noticel.com\/en\/wp-json\/wp\/v2\/media\/1021855"}],"wp:attachment":[{"href":"https:\/\/noticel.com\/en\/wp-json\/wp\/v2\/media?parent=1021854"}],"wp:term":[{"taxonomy":"category","embeddable":true,"href":"https:\/\/noticel.com\/en\/wp-json\/wp\/v2\/categories?post=1021854"},{"taxonomy":"post_tag","embeddable":true,"href":"https:\/\/noticel.com\/en\/wp-json\/wp\/v2\/tags?post=1021854"}],"curies":[{"name":"wp","href":"https:\/\/api.w.org\/{rel}","templated":true}]}}