{"id":1021849,"date":"2026-09-02T05:45:00","date_gmt":"2026-09-02T09:45:00","guid":{"rendered":""},"modified":"2026-09-02T07:01:04","modified_gmt":"2026-09-02T11:01:04","slug":"vivienda-ofrece-asistencia-a-los-municipios-para-asegurar-el-uso-de-fondos-asignados","status":"publish","type":"post","link":"https:\/\/noticel.com\/en\/noticias\/20260902\/vivienda-ofrece-asistencia-a-los-municipios-para-asegurar-el-uso-de-fondos-asignados\/","title":{"rendered":"Vivienda ofrece asistencia a los municipios para asegurar el uso de fondos asignados"},"content":{"rendered":"<p>El secretario del Departamento de la Vivienda, Luis Augusto Mart\u00ednez Rom\u00e1n, asegur\u00f3 que no ha identificado proyectos cr\u00edticos que no ser\u00e1n quedar completados y, por ello, arriesgan algunos de los fondos asignados para asuntos relacionados a los desastres naturales de los pasados a\u00f1os.<\/p>\n\n\n\n<p>El capital disponible expirar\u00e1 el 31 de diciembre de 2029. Mart\u00ednez Rom\u00e1n detall\u00f3 que alcaldes expresaron m\u00faltiples inquietudes, entre ellas, la necesidad de viviendas asequibles.<\/p>\n\n\n\n<p>\u201cTuvimos preocupaciones con el tiempo. Los fondos tienen una vigencia, particularmente, los proyectos que est\u00e1n trabajando los municipios. Es importante dada la rapidez que los municipios puedan ejecutar podemos cumplir con la totalidad de la obra\u201d, sostuvo el funcionario durante una participaci\u00f3n en \u201cEn R\u00e9cord\u201d.<\/p>\n\n\n\n<p>Mart\u00ednez Rom\u00e1n mencion\u00f3 que 268 proyectos est\u00e1n en proceso, lo que representan una inversi\u00f3n que alcanza los $1,500 millones. Un considerable n\u00famero de las obras ocurren en los cascos urbanos para incentivar el desarrollo econ\u00f3mico. La cantidad de dinero asignado alcanza los $20,000 millones, de los cuales el 85% est\u00e1 obligado en proyectos en proceso.<\/p>\n\n\n\n<p>\u201cOtro asunto que se toc\u00f3 fue el manejo de las facturas. Los municipios ejecutan las subastas y, a trav\u00e9s de reembolsos, el Departamento de la Vivienda desembolsa la cantidad de dinero por obra trabajada. Otro tema fue el asunto t\u00e9cnico. Dado los requisitos que el gobierno federal tiene para la utilizaci\u00f3n de los fondos es importante que los municipios cumplen con los requisitos y hacer las cosas como corresponde\u201d, explic\u00f3.<\/p><div class=\"notic-content-middle\" id=\"notic-293477227\"><div class=\"notic-adlabel\">Advertisements<\/div><a data-no-instant=\"1\" href=\"https:\/\/www.asegurate-bien.com\/\" rel=\"noopener\" class=\"a2t-link\" target=\"_blank\" aria-label=\"Acodese-Adaptaciones-Noticel-300&#215;250\"><img loading=\"lazy\" decoding=\"async\" src=\"https:\/\/cdn.noticel.com\/2026\/05\/30094423\/Acodese-Adaptaciones-Noticel-300x250-1.jpg\" alt=\"\"  srcset=\"https:\/\/cdn.noticel.com\/2026\/05\/30094423\/Acodese-Adaptaciones-Noticel-300x250-1.jpg 300w, https:\/\/cdn.noticel.com\/2026\/05\/30094423\/Acodese-Adaptaciones-Noticel-300x250-1-14x12.jpg 14w\" sizes=\"(max-width: 300px) 100vw, 300px\" width=\"300\" height=\"250\"   \/><\/a><\/div>\n\n\n\n<p>Vivienda facilita a los municipios el personal con los conocimientos t\u00e9cnicos para trabajar los formularios y documentaciones requeridas.<\/p>\n\n\n\n<p>\u201cCuando hay alg\u00fan tipo de escollo o se\u00f1alamiento, la recomendaci\u00f3n a los alcaldes ha sido mantener esa l\u00ednea de comunicaci\u00f3n activa. Cada vez que ocurre nos movemos r\u00e1pido para resolver, pero no hemos tenido ese contratiempo de tener que volver al primer paso\u201d, afirm\u00f3 Mart\u00ednez Rom\u00e1n. \u201cTodo est\u00e1 corriendo\u201d, agreg\u00f3.<\/p>\n\n\n\n<p>Asimismo, el secretario enfatiz\u00f3 que ha identificado un proyecto en peligro de no quedar completado.<\/p>\n\n\n\n<p>\u201cPor eso la intenci\u00f3n de estar pendiente todo el tiempo a trav\u00e9s de los distintos programas que tiene del departamento no solo con los alcaldes, tambi\u00e9n con cada uno de los recipientes para asegurarnos que no lleguemos a una situaci\u00f3n. En caso de que identifiquemos uno, movernos para remover el escollo y agilizar\u201d, concluy\u00f3.<\/p>","protected":false},"excerpt":{"rendered":"<p>El secretario del Departamento de la Vivienda, Luis Augusto Mart\u00ednez Rom\u00e1n, asegur\u00f3 que no ha identificado proyectos cr\u00edticos que no ser\u00e1n quedar completados y, por ello, arriesgan algunos de los fondos asignados para asuntos relacionados a los desastres naturales de los pasados a\u00f1os. El capital disponible expirar\u00e1 el 31 de diciembre de 2029. Mart\u00ednez Rom\u00e1n [&hellip;]<\/p>","protected":false},"author":93,"featured_media":1021850,"comment_status":"open","ping_status":"open","sticky":false,"template":"","format":"standard","meta":{"_acf_changed":false,"_monsterinsights_skip_tracking":false,"ep_exclude_from_search":false,"footnotes":""},"categories":[3],"tags":[6926,889],"class_list":["post-1021849","post","type-post","status-publish","format-standard","has-post-thumbnail","hentry","category-noticias","tag-casco-urbano","tag-vivienda"],"acf":[],"aioseo_notices":[],"_links":{"self":[{"href":"https:\/\/noticel.com\/en\/wp-json\/wp\/v2\/posts\/1021849","targetHints":{"allow":["GET"]}}],"collection":[{"href":"https:\/\/noticel.com\/en\/wp-json\/wp\/v2\/posts"}],"about":[{"href":"https:\/\/noticel.com\/en\/wp-json\/wp\/v2\/types\/post"}],"author":[{"embeddable":true,"href":"https:\/\/noticel.com\/en\/wp-json\/wp\/v2\/users\/93"}],"replies":[{"embeddable":true,"href":"https:\/\/noticel.com\/en\/wp-json\/wp\/v2\/comments?post=1021849"}],"version-history":[{"count":2,"href":"https:\/\/noticel.com\/en\/wp-json\/wp\/v2\/posts\/1021849\/revisions"}],"predecessor-version":[{"id":1021876,"href":"https:\/\/noticel.com\/en\/wp-json\/wp\/v2\/posts\/1021849\/revisions\/1021876"}],"wp:featuredmedia":[{"embeddable":true,"href":"https:\/\/noticel.com\/en\/wp-json\/wp\/v2\/media\/1021850"}],"wp:attachment":[{"href":"https:\/\/noticel.com\/en\/wp-json\/wp\/v2\/media?parent=1021849"}],"wp:term":[{"taxonomy":"category","embeddable":true,"href":"https:\/\/noticel.com\/en\/wp-json\/wp\/v2\/categories?post=1021849"},{"taxonomy":"post_tag","embeddable":true,"href":"https:\/\/noticel.com\/en\/wp-json\/wp\/v2\/tags?post=1021849"}],"curies":[{"name":"wp","href":"https:\/\/api.w.org\/{rel}","templated":true}]}}