{"id":1021837,"date":"2026-09-01T18:01:07","date_gmt":"2026-09-01T22:01:07","guid":{"rendered":""},"modified":"2026-09-01T18:08:46","modified_gmt":"2026-09-01T22:08:46","slug":"salida-imprevista-de-unidad-6-de-la-central-san-juan-provoca-interrupciones-en-servicio","status":"publish","type":"post","link":"https:\/\/noticel.com\/en\/noticias\/20260901\/salida-imprevista-de-unidad-6-de-la-central-san-juan-provoca-interrupciones-en-servicio\/","title":{"rendered":"Salida imprevista de unidad 6 de la Central San Juan provoca interrupciones en servicio"},"content":{"rendered":"<p>Genera PR inform\u00f3 el martes que la unidad 6 de la Central San Juan sali\u00f3 de servicio de manera imprevista, lo que provoc\u00f3 interrupciones parciales en el servicio el\u00e9ctrico mientras personal de operaciones trabaja para restablecerla.<\/p>\n\n\n\n<p>La empresa indic\u00f3 que todav\u00eda no cuenta con un estimado para el regreso de la unidad y que continuar\u00e1 ofreciendo actualizaciones seg\u00fan avance el proceso.<\/p>\n\n\n\n<p>Entretanto, la unidad 6 de la Central Costa Sur, que sali\u00f3 de servicio el lunes en la tarde luego de un disturbio en la infraestructura de transmisi\u00f3n, se encuentra en proceso de arranque.<\/p>\n\n\n\n<p>Genera PR proyecta que esa unidad regrese a servicio durante la madrugada del mi\u00e9rcoles, de no surgir contratiempos.<\/p><div class=\"notic-content-middle\" id=\"notic-254059428\"><div class=\"notic-adlabel\">Advertisements<\/div><a data-no-instant=\"1\" href=\"https:\/\/www.asegurate-bien.com\/\" rel=\"noopener\" class=\"a2t-link\" target=\"_blank\" aria-label=\"Acodese-Adaptaciones-Noticel-300&#215;250\"><img loading=\"lazy\" decoding=\"async\" src=\"https:\/\/cdn.noticel.com\/2026\/05\/30094423\/Acodese-Adaptaciones-Noticel-300x250-1.jpg\" alt=\"\"  srcset=\"https:\/\/cdn.noticel.com\/2026\/05\/30094423\/Acodese-Adaptaciones-Noticel-300x250-1.jpg 300w, https:\/\/cdn.noticel.com\/2026\/05\/30094423\/Acodese-Adaptaciones-Noticel-300x250-1-14x12.jpg 14w\" sizes=\"(max-width: 300px) 100vw, 300px\" width=\"300\" height=\"250\"   \/><\/a><\/div>\n\n\n\n<p>\u201cComprendemos la frustraci\u00f3n que sienten los clientes cuando pierden el servicio el\u00e9ctrico. El sistema de generaci\u00f3n, transmisi\u00f3n y distribuci\u00f3n de Puerto Rico es operado por m\u00faltiples entidades, y el rol de Genera PR es informar con transparencia sobre lo ocurrido y su impacto en nuestras operaciones\u201d, expres\u00f3 la empresa en declaraciones escritas.<\/p>\n\n\n\n<p>Seg\u00fan datos de LUMA Energy actualizados a las 5:55 de la tarde, 35,384 clientes permanec\u00edan sin servicio el\u00e9ctrico, equivalentes a 2.41 por ciento del total reportado.<\/p>\n\n\n\n<p>De esa cantidad, 32,729 clientes estaban sin servicio por interrupciones no planificadas y 2,655 por trabajos de mejoras programadas.<\/p>\n\n\n\n<p>Las regiones con mayor cantidad de clientes sin servicio eran San Juan, con 15,753, y Bayam\u00f3n, con 14,592.<\/p>","protected":false},"excerpt":{"rendered":"<p>Genera PR inform\u00f3 el martes que la unidad 6 de la Central San Juan sali\u00f3 de servicio de manera imprevista, lo que provoc\u00f3 interrupciones parciales en el servicio el\u00e9ctrico mientras personal de operaciones trabaja para restablecerla. La empresa indic\u00f3 que todav\u00eda no cuenta con un estimado para el regreso de la unidad y que continuar\u00e1 [&hellip;]<\/p>","protected":false},"author":101,"featured_media":1019463,"comment_status":"open","ping_status":"open","sticky":false,"template":"","format":"standard","meta":{"_acf_changed":false,"_monsterinsights_skip_tracking":false,"ep_exclude_from_search":false,"footnotes":""},"categories":[4,3],"tags":[4920,622],"class_list":["post-1021837","post","type-post","status-publish","format-standard","has-post-thumbnail","hentry","category-gobierno","category-noticias","tag-central-san-juan","tag-energia-2"],"acf":[],"aioseo_notices":[],"_links":{"self":[{"href":"https:\/\/noticel.com\/en\/wp-json\/wp\/v2\/posts\/1021837","targetHints":{"allow":["GET"]}}],"collection":[{"href":"https:\/\/noticel.com\/en\/wp-json\/wp\/v2\/posts"}],"about":[{"href":"https:\/\/noticel.com\/en\/wp-json\/wp\/v2\/types\/post"}],"author":[{"embeddable":true,"href":"https:\/\/noticel.com\/en\/wp-json\/wp\/v2\/users\/101"}],"replies":[{"embeddable":true,"href":"https:\/\/noticel.com\/en\/wp-json\/wp\/v2\/comments?post=1021837"}],"version-history":[{"count":2,"href":"https:\/\/noticel.com\/en\/wp-json\/wp\/v2\/posts\/1021837\/revisions"}],"predecessor-version":[{"id":1021843,"href":"https:\/\/noticel.com\/en\/wp-json\/wp\/v2\/posts\/1021837\/revisions\/1021843"}],"wp:featuredmedia":[{"embeddable":true,"href":"https:\/\/noticel.com\/en\/wp-json\/wp\/v2\/media\/1019463"}],"wp:attachment":[{"href":"https:\/\/noticel.com\/en\/wp-json\/wp\/v2\/media?parent=1021837"}],"wp:term":[{"taxonomy":"category","embeddable":true,"href":"https:\/\/noticel.com\/en\/wp-json\/wp\/v2\/categories?post=1021837"},{"taxonomy":"post_tag","embeddable":true,"href":"https:\/\/noticel.com\/en\/wp-json\/wp\/v2\/tags?post=1021837"}],"curies":[{"name":"wp","href":"https:\/\/api.w.org\/{rel}","templated":true}]}}