{"id":1021828,"date":"2026-09-01T17:08:14","date_gmt":"2026-09-01T21:08:14","guid":{"rendered":""},"modified":"2026-09-01T19:54:16","modified_gmt":"2026-09-01T23:54:16","slug":"autoridades-atienden-fuego-en-finca-cercana-al-vertedero-de-vega-baja","status":"publish","type":"post","link":"https:\/\/noticel.com\/en\/noticias\/20260901\/autoridades-atienden-fuego-en-finca-cercana-al-vertedero-de-vega-baja\/","title":{"rendered":"Autoridades atienden fuego en finca cercana al vertedero de Vega Baja"},"content":{"rendered":"<p><\/p>\n\n\n\n<p>Un fuego que se inici\u00f3 a eso de las 4:00 de la tarde en una finca aleda\u00f1a en el vetedero de Vega Baja, ubicado en el Barrio Sabana de ese municipio, es atendido por personal de los bomberos y de Manejo de Emergencias, seg\u00fan se inform\u00f3.<\/p>\n\n\n\n<p>Efectivos de ambas agencias, est\u00e1n trabajando e intentando que el fuego se expanda a \u00e1reas aleda\u00f1as, seg\u00fan confirmaron fuentes oficiales a NotiCel.<\/p>\n\n\n\n<p>Una gran nube negra se puede observar desde la autopista y desde el \u00e1rea de la desembocadura del R\u00edo Cibuco.<\/p>\n\n\n\n<p><strong>***Actualizaremos esta nota. <\/strong><\/p>","protected":false},"excerpt":{"rendered":"<p>Un fuego que se inici\u00f3 a eso de las 4:00 de la tarde en una finca aleda\u00f1a en el vetedero de Vega Baja, ubicado en el Barrio Sabana de ese municipio, es atendido por personal de los bomberos y de Manejo de Emergencias, seg\u00fan se inform\u00f3. Efectivos de ambas agencias, est\u00e1n trabajando e intentando que [&hellip;]<\/p>","protected":false},"author":92,"featured_media":1021829,"comment_status":"open","ping_status":"open","sticky":false,"template":"","format":"standard","meta":{"_acf_changed":false,"_monsterinsights_skip_tracking":false,"ep_exclude_from_search":false,"footnotes":""},"categories":[4,3],"tags":[],"class_list":["post-1021828","post","type-post","status-publish","format-standard","has-post-thumbnail","hentry","category-gobierno","category-noticias"],"acf":[],"aioseo_notices":[],"_links":{"self":[{"href":"https:\/\/noticel.com\/en\/wp-json\/wp\/v2\/posts\/1021828","targetHints":{"allow":["GET"]}}],"collection":[{"href":"https:\/\/noticel.com\/en\/wp-json\/wp\/v2\/posts"}],"about":[{"href":"https:\/\/noticel.com\/en\/wp-json\/wp\/v2\/types\/post"}],"author":[{"embeddable":true,"href":"https:\/\/noticel.com\/en\/wp-json\/wp\/v2\/users\/92"}],"replies":[{"embeddable":true,"href":"https:\/\/noticel.com\/en\/wp-json\/wp\/v2\/comments?post=1021828"}],"version-history":[{"count":2,"href":"https:\/\/noticel.com\/en\/wp-json\/wp\/v2\/posts\/1021828\/revisions"}],"predecessor-version":[{"id":1021862,"href":"https:\/\/noticel.com\/en\/wp-json\/wp\/v2\/posts\/1021828\/revisions\/1021862"}],"wp:featuredmedia":[{"embeddable":true,"href":"https:\/\/noticel.com\/en\/wp-json\/wp\/v2\/media\/1021829"}],"wp:attachment":[{"href":"https:\/\/noticel.com\/en\/wp-json\/wp\/v2\/media?parent=1021828"}],"wp:term":[{"taxonomy":"category","embeddable":true,"href":"https:\/\/noticel.com\/en\/wp-json\/wp\/v2\/categories?post=1021828"},{"taxonomy":"post_tag","embeddable":true,"href":"https:\/\/noticel.com\/en\/wp-json\/wp\/v2\/tags?post=1021828"}],"curies":[{"name":"wp","href":"https:\/\/api.w.org\/{rel}","templated":true}]}}