{"id":1021816,"date":"2026-09-01T16:28:44","date_gmt":"2026-09-01T20:28:44","guid":{"rendered":""},"modified":"2026-09-01T16:39:26","modified_gmt":"2026-09-01T20:39:26","slug":"camion-se-vuelca-en-la-pr-52-y-muere-su-conductor-en-caguas","status":"publish","type":"post","link":"https:\/\/noticel.com\/en\/noticias\/20260901\/camion-se-vuelca-en-la-pr-52-y-muere-su-conductor-en-caguas\/","title":{"rendered":"Cami\u00f3n se vuelca en la PR-52 y muere su conductor en Caguas"},"content":{"rendered":"<p>CAGUAS \u2014 La Polic\u00eda inform\u00f3 el martes que el conductor de un cami\u00f3n muri\u00f3 luego de que el veh\u00edculo saliera de la v\u00eda y se volcara en el kil\u00f3metro 26.2 de la autopista PR-52, en Caguas.<\/p>\n\n\n\n<p>Seg\u00fan la Uniformada, el accidente fue reportado a las 12:48 de la tarde y las circunstancias permanecen bajo investigaci\u00f3n.<\/p>\n\n\n\n<p>Las autoridades indicaron que el cami\u00f3n sali\u00f3 de la carretera y volc\u00f3 en el \u00e1rea verde, donde muri\u00f3 su conductor.<\/p><div class=\"notic-content-middle\" id=\"notic-3331810452\"><div class=\"notic-adlabel\">Advertisements<\/div><a data-no-instant=\"1\" href=\"https:\/\/www.asegurate-bien.com\/\" rel=\"noopener\" class=\"a2t-link\" target=\"_blank\" aria-label=\"Acodese-Adaptaciones-Noticel-300&#215;250\"><img loading=\"lazy\" decoding=\"async\" src=\"https:\/\/cdn.noticel.com\/2026\/05\/30094423\/Acodese-Adaptaciones-Noticel-300x250-1.jpg\" alt=\"\"  srcset=\"https:\/\/cdn.noticel.com\/2026\/05\/30094423\/Acodese-Adaptaciones-Noticel-300x250-1.jpg 300w, https:\/\/cdn.noticel.com\/2026\/05\/30094423\/Acodese-Adaptaciones-Noticel-300x250-1-14x12.jpg 14w\" sizes=\"(max-width: 300px) 100vw, 300px\" width=\"300\" height=\"250\"   \/><\/a><\/div>\n\n\n\n<p>Al momento, solo un carril permanec\u00eda abierto al tr\u00e1nsito en el \u00e1rea del accidente.<\/p>\n\n\n\n<p>La Polic\u00eda recomend\u00f3 a los conductores utilizar como ruta alterna la carretera PR-1 mientras contin\u00faan las labores en la zona.<\/p>","protected":false},"excerpt":{"rendered":"<p>CAGUAS \u2014 La Polic\u00eda inform\u00f3 el martes que el conductor de un cami\u00f3n muri\u00f3 luego de que el veh\u00edculo saliera de la v\u00eda y se volcara en el kil\u00f3metro 26.2 de la autopista PR-52, en Caguas. Seg\u00fan la Uniformada, el accidente fue reportado a las 12:48 de la tarde y las circunstancias permanecen bajo investigaci\u00f3n. [&hellip;]<\/p>","protected":false},"author":100,"featured_media":981181,"comment_status":"open","ping_status":"open","sticky":false,"template":"","format":"standard","meta":{"_acf_changed":false,"_monsterinsights_skip_tracking":false,"ep_exclude_from_search":false,"footnotes":""},"categories":[3,15],"tags":[576,216],"class_list":["post-1021816","post","type-post","status-publish","format-standard","has-post-thumbnail","hentry","category-noticias","category-policiacas","tag-noticias","tag-policiacas"],"acf":[],"aioseo_notices":[],"_links":{"self":[{"href":"https:\/\/noticel.com\/en\/wp-json\/wp\/v2\/posts\/1021816","targetHints":{"allow":["GET"]}}],"collection":[{"href":"https:\/\/noticel.com\/en\/wp-json\/wp\/v2\/posts"}],"about":[{"href":"https:\/\/noticel.com\/en\/wp-json\/wp\/v2\/types\/post"}],"author":[{"embeddable":true,"href":"https:\/\/noticel.com\/en\/wp-json\/wp\/v2\/users\/100"}],"replies":[{"embeddable":true,"href":"https:\/\/noticel.com\/en\/wp-json\/wp\/v2\/comments?post=1021816"}],"version-history":[{"count":1,"href":"https:\/\/noticel.com\/en\/wp-json\/wp\/v2\/posts\/1021816\/revisions"}],"predecessor-version":[{"id":1021817,"href":"https:\/\/noticel.com\/en\/wp-json\/wp\/v2\/posts\/1021816\/revisions\/1021817"}],"wp:featuredmedia":[{"embeddable":true,"href":"https:\/\/noticel.com\/en\/wp-json\/wp\/v2\/media\/981181"}],"wp:attachment":[{"href":"https:\/\/noticel.com\/en\/wp-json\/wp\/v2\/media?parent=1021816"}],"wp:term":[{"taxonomy":"category","embeddable":true,"href":"https:\/\/noticel.com\/en\/wp-json\/wp\/v2\/categories?post=1021816"},{"taxonomy":"post_tag","embeddable":true,"href":"https:\/\/noticel.com\/en\/wp-json\/wp\/v2\/tags?post=1021816"}],"curies":[{"name":"wp","href":"https:\/\/api.w.org\/{rel}","templated":true}]}}