{"id":1021815,"date":"2026-09-01T16:20:02","date_gmt":"2026-09-01T20:20:02","guid":{"rendered":""},"modified":"2026-09-01T17:00:07","modified_gmt":"2026-09-01T21:00:07","slug":"mujer-de-72-anos-muere-ahogada-en-manati","status":"publish","type":"post","link":"https:\/\/noticel.com\/en\/noticias\/20260901\/mujer-de-72-anos-muere-ahogada-en-manati\/","title":{"rendered":"Mujer de 72 a\u00f1os muere ahogada en Manat\u00ed"},"content":{"rendered":"<p><\/p>\n\n\n\n<p>MANAT\u00cd \u2013 La Polic\u00eda inform\u00f3 el martes que una mujer de 72 a\u00f1os muri\u00f3 ahogada luego de ser arrastrada por un fuerte oleaje mientras se encontraba con su hija en la playa Esperanza, en Manat\u00ed.<\/p>\n\n\n\n<p>Seg\u00fan la Uniformada, la mujer, residente de Arecibo, compart\u00eda con su hija de 41 a\u00f1os en el \u00e1rea de las rocas cuando ambas fueron sorprendidas por el oleaje y cayeron al mar.<\/p>\n\n\n\n<p>Las autoridades indicaron que la adulta mayor muri\u00f3 como consecuencia del incidente, mientras su hija sufri\u00f3 lesiones leves.<\/p><div class=\"notic-content-middle\" id=\"notic-1689455595\"><div class=\"notic-adlabel\">Advertisements<\/div><a data-no-instant=\"1\" href=\"https:\/\/www.asegurate-bien.com\/\" rel=\"noopener\" class=\"a2t-link\" target=\"_blank\" aria-label=\"Acodese-Adaptaciones-Noticel-300&#215;600\"><img loading=\"lazy\" decoding=\"async\" src=\"https:\/\/cdn.noticel.com\/2026\/05\/30094652\/Acodese-Adaptaciones-Noticel-300x600-1.jpg\" alt=\"\"  srcset=\"https:\/\/cdn.noticel.com\/2026\/05\/30094652\/Acodese-Adaptaciones-Noticel-300x600-1.jpg 300w, https:\/\/cdn.noticel.com\/2026\/05\/30094652\/Acodese-Adaptaciones-Noticel-300x600-1-150x300.jpg 150w, https:\/\/cdn.noticel.com\/2026\/05\/30094652\/Acodese-Adaptaciones-Noticel-300x600-1-6x12.jpg 6w\" sizes=\"(max-width: 300px) 100vw, 300px\" width=\"300\" height=\"600\"   \/><\/a><\/div>\n\n\n\n<p>El agente Gabriel Jim\u00e9nez Otero y el sargento Addel Cruz Adorno, adscritos al Distrito de Manat\u00ed, realizaron la investigaci\u00f3n inicial.<\/p>\n\n\n\n<p>La agente Vanessa Mel\u00e9ndez, de la Divisi\u00f3n de Homicidios, asumi\u00f3 la pesquisa junto con el fiscal de turno.<\/p>\n\n\n\n<p>La Polic\u00eda indic\u00f3 que m\u00e1s adelante divulgar\u00e1 la identidad de la mujer fallecida.<\/p>","protected":false},"excerpt":{"rendered":"<p>MANAT\u00cd \u2013 La Polic\u00eda inform\u00f3 el martes que una mujer de 72 a\u00f1os muri\u00f3 ahogada luego de ser arrastrada por un fuerte oleaje mientras se encontraba con su hija en la playa Esperanza, en Manat\u00ed. Seg\u00fan la Uniformada, la mujer, residente de Arecibo, compart\u00eda con su hija de 41 a\u00f1os en el \u00e1rea de las [&hellip;]<\/p>","protected":false},"author":101,"featured_media":481216,"comment_status":"open","ping_status":"open","sticky":false,"template":"","format":"standard","meta":{"_acf_changed":false,"_monsterinsights_skip_tracking":false,"ep_exclude_from_search":false,"footnotes":""},"categories":[3],"tags":[1529,960,786],"class_list":["post-1021815","post","type-post","status-publish","format-standard","has-post-thumbnail","hentry","category-noticias","tag-ahogado","tag-manati","tag-muerte"],"acf":[],"aioseo_notices":[],"_links":{"self":[{"href":"https:\/\/noticel.com\/en\/wp-json\/wp\/v2\/posts\/1021815","targetHints":{"allow":["GET"]}}],"collection":[{"href":"https:\/\/noticel.com\/en\/wp-json\/wp\/v2\/posts"}],"about":[{"href":"https:\/\/noticel.com\/en\/wp-json\/wp\/v2\/types\/post"}],"author":[{"embeddable":true,"href":"https:\/\/noticel.com\/en\/wp-json\/wp\/v2\/users\/101"}],"replies":[{"embeddable":true,"href":"https:\/\/noticel.com\/en\/wp-json\/wp\/v2\/comments?post=1021815"}],"version-history":[{"count":1,"href":"https:\/\/noticel.com\/en\/wp-json\/wp\/v2\/posts\/1021815\/revisions"}],"predecessor-version":[{"id":1021823,"href":"https:\/\/noticel.com\/en\/wp-json\/wp\/v2\/posts\/1021815\/revisions\/1021823"}],"wp:featuredmedia":[{"embeddable":true,"href":"https:\/\/noticel.com\/en\/wp-json\/wp\/v2\/media\/481216"}],"wp:attachment":[{"href":"https:\/\/noticel.com\/en\/wp-json\/wp\/v2\/media?parent=1021815"}],"wp:term":[{"taxonomy":"category","embeddable":true,"href":"https:\/\/noticel.com\/en\/wp-json\/wp\/v2\/categories?post=1021815"},{"taxonomy":"post_tag","embeddable":true,"href":"https:\/\/noticel.com\/en\/wp-json\/wp\/v2\/tags?post=1021815"}],"curies":[{"name":"wp","href":"https:\/\/api.w.org\/{rel}","templated":true}]}}