{"id":1021811,"date":"2026-09-01T16:09:29","date_gmt":"2026-09-01T20:09:29","guid":{"rendered":""},"modified":"2026-09-01T16:13:44","modified_gmt":"2026-09-01T20:13:44","slug":"gobernadora-anuncia-pausa-de-48-a-72-horas-en-racionamiento-de-carraizo","status":"publish","type":"post","link":"https:\/\/noticel.com\/en\/ultima-hora\/20260901\/gobernadora-anuncia-pausa-de-48-a-72-horas-en-racionamiento-de-carraizo\/","title":{"rendered":"Gobernadora anuncia pausa de 48 a 72 horas en racionamiento de Carra\u00edzo"},"content":{"rendered":"<p>La gobernadora Jenniffer Gonz\u00e1lez Col\u00f3n anunci\u00f3 el martes una pausa de 48 a 72 horas en el plan de racionamiento para los abonados que se suplen del embalse Carra\u00edzo, luego de que las lluvias recientes y las escorrent\u00edas elevaran su nivel en m\u00e1s de un metro hasta alcanzar la fase de observaci\u00f3n.<\/p>\n\n\n\n<p>\u201cSignifica que estamos dando instrucciones para que podamos hacer una pausa, una pausa en las interrupciones programadas para ma\u00f1ana y que se pueda dar una pausa de 48 a posiblemente 72 horas. Lo que significar\u00eda esto es que todos los que est\u00e1n en la zona 1 y en la zona 2 podr\u00e1n abastecerse de agua durante las pr\u00f3ximas 48 horas o 72 horas\u201d, dijo Gonz\u00e1lez Col\u00f3n durante una transmisi\u00f3n de redes sociales en La Fortaleza.<\/p>\n\n\n\n<p>La gobernadora explic\u00f3 que Carra\u00edzo alcanz\u00f3 aproximadamente 38.5 metros, nivel que lo coloca nuevamente en la categor\u00eda de observaci\u00f3n y fuera de los ajustes operacionales que dieron paso a las interrupciones programadas.<\/p>\n\n\n\n<p>Seg\u00fan Gonz\u00e1lez Col\u00f3n, la pausa comenzar\u00eda el mi\u00e9rcoles, posiblemente despu\u00e9s del mediod\u00eda, una vez la Autoridad de Acueductos y Alcantarillados (AAA) complete el proceso de bombeo y recuperaci\u00f3n necesario para llevar agua a ambas zonas.<\/p>\n\n\n\n<p>\u201cPodamos interrumpir la programaci\u00f3n que se tiene de zona 1 y zona 2 a partir de ma\u00f1ana, me imagino que despu\u00e9s de mediod\u00eda, para que todo el mundo, tanto zona 1 como zona 2, tengan agua por las pr\u00f3ximas 48, 72 horas\u201d, sostuvo.<\/p>\n\n\n\n<p>Gonz\u00e1lez Col\u00f3n enfatiz\u00f3 que la medida no representa todav\u00eda la eliminaci\u00f3n definitiva del plan de interrupciones.<\/p>\n\n\n\n<p>\u201cEsto no significa que se va a detener por completo el sistema del plan de interrupciones programadas, porque hay que seguir monitoreando los abastos de Carra\u00edzo\u201d, indic\u00f3.<\/p>\n\n\n\n<p>La mandataria dijo que el Gobierno evaluar\u00e1 durante la semana si puede extender la pausa y se\u00f1al\u00f3 que las interrupciones regresar\u00edan si el embalse vuelve a descender.<\/p>\n\n\n\n<p>\u201cObviamente, de la \u00fanica manera que volver\u00edamos a tener una interrupci\u00f3n es que volvieran a bajar los abastos de agua de Carra\u00edzo\u201d, expres\u00f3.<\/p>\n\n\n\n<p>Las lluvias del domingo, lunes y las escorrent\u00edas recibidas durante el martes aumentaron en m\u00e1s de un metro el nivel de Carra\u00edzo. Adem\u00e1s, el Servicio Nacional de Meteorolog\u00eda anticipa entre una y tres pulgadas adicionales de lluvia entre jueves y viernes.<\/p>\n\n\n\n<p>El aumento del nivel obligar\u00e1, por el momento, a posponer el dragado de orilla que el Gobierno ten\u00eda previsto realizar en el embalse, debido a que el \u00e1rea donde entrar\u00eda la maquinaria volvi\u00f3 a quedar cubierta por agua.<\/p>\n\n\n\n<p>Gonz\u00e1lez Col\u00f3n inform\u00f3 que la maquinaria permanece preparada en Gurabo y que el Gobierno espera recibir esta semana del Cuerpo de Ingenieros del Ej\u00e9rcito de Estados Unidos un permiso con vigencia de cinco a\u00f1os para efectuar esos trabajos cuando las condiciones lo permitan.<\/p>\n\n\n\n<p>Como medida adicional para aumentar el abasto de la zona metropolitana, la gobernadora anunci\u00f3 que el Ejecutivo identific\u00f3 entre 12 y 15 pozos que permanecieron fuera de uso durante los pasados 15 a 25 a\u00f1os.<\/p>\n\n\n\n<p>De esos, el Gobierno dar\u00e1 prioridad a cinco que podr\u00edan aportar en conjunto al menos cinco millones de galones diarios adicionales a la zona metropolitana dentro de los pr\u00f3ximos dos meses.<\/p>\n\n\n\n<p>La secretaria de Estado, Rosachely Rivera Santana, identific\u00f3 entre los pozos prioritarios a Campanillas, Levittown, Dorado IRI 1, Dorado IRI 2 y Maguayo, ubicados entre Bayam\u00f3n, Dorado y otros sectores del norte.<\/p>\n\n\n\n<p>Gonz\u00e1lez Col\u00f3n explic\u00f3 que esos pozos se utilizaban antes de la entrada en operaci\u00f3n del Superacueducto y que su rehabilitaci\u00f3n busca a\u00f1adir redundancia al sistema metropolitano.<\/p>\n\n\n\n<p>\u201cEsto pudiera allegar m\u00e1s de 5 millones de galones diarios a la zona metropolitana, que en este momento son bien necesarios\u201d, sostuvo.<\/p>\n\n\n\n<p>La gobernadora exhort\u00f3 a los abonados a mantener un consumo prudente durante la pausa para intentar conservar la recuperaci\u00f3n de Carra\u00edzo y evitar nuevas interrupciones.<\/p>\n\n\n\n<p>\u201cLa meta es que no tengamos que hacer m\u00e1s interrupciones programadas, esa debe ser la meta de que todo el mundo pueda tener agua\u201d, expres\u00f3.<\/p>","protected":false},"excerpt":{"rendered":"<p>La gobernadora Jenniffer Gonz\u00e1lez Col\u00f3n anunci\u00f3 el martes una pausa de 48 a 72 horas en el plan de racionamiento para los abonados que se suplen del embalse Carra\u00edzo, luego de que las lluvias recientes y las escorrent\u00edas elevaran su nivel en m\u00e1s de un metro hasta alcanzar la fase de observaci\u00f3n. \u201cSignifica que estamos [&hellip;]<\/p>","protected":false},"author":101,"featured_media":1021812,"comment_status":"open","ping_status":"open","sticky":false,"template":"","format":"standard","meta":{"_acf_changed":false,"_monsterinsights_skip_tracking":false,"ep_exclude_from_search":false,"footnotes":""},"categories":[12,3,2],"tags":[4020,6240],"class_list":["post-1021811","post","type-post","status-publish","format-standard","has-post-thumbnail","hentry","category-la-calle","category-noticias","category-ultima-hora","tag-carraizo","tag-racionamiento"],"acf":[],"aioseo_notices":[],"_links":{"self":[{"href":"https:\/\/noticel.com\/en\/wp-json\/wp\/v2\/posts\/1021811","targetHints":{"allow":["GET"]}}],"collection":[{"href":"https:\/\/noticel.com\/en\/wp-json\/wp\/v2\/posts"}],"about":[{"href":"https:\/\/noticel.com\/en\/wp-json\/wp\/v2\/types\/post"}],"author":[{"embeddable":true,"href":"https:\/\/noticel.com\/en\/wp-json\/wp\/v2\/users\/101"}],"replies":[{"embeddable":true,"href":"https:\/\/noticel.com\/en\/wp-json\/wp\/v2\/comments?post=1021811"}],"version-history":[{"count":1,"href":"https:\/\/noticel.com\/en\/wp-json\/wp\/v2\/posts\/1021811\/revisions"}],"predecessor-version":[{"id":1021813,"href":"https:\/\/noticel.com\/en\/wp-json\/wp\/v2\/posts\/1021811\/revisions\/1021813"}],"wp:featuredmedia":[{"embeddable":true,"href":"https:\/\/noticel.com\/en\/wp-json\/wp\/v2\/media\/1021812"}],"wp:attachment":[{"href":"https:\/\/noticel.com\/en\/wp-json\/wp\/v2\/media?parent=1021811"}],"wp:term":[{"taxonomy":"category","embeddable":true,"href":"https:\/\/noticel.com\/en\/wp-json\/wp\/v2\/categories?post=1021811"},{"taxonomy":"post_tag","embeddable":true,"href":"https:\/\/noticel.com\/en\/wp-json\/wp\/v2\/tags?post=1021811"}],"curies":[{"name":"wp","href":"https:\/\/api.w.org\/{rel}","templated":true}]}}