{"id":1021805,"date":"2026-09-01T15:37:48","date_gmt":"2026-09-01T19:37:48","guid":{"rendered":""},"modified":"2026-09-01T15:56:15","modified_gmt":"2026-09-01T19:56:15","slug":"vega-baja-crea-programa-para-adoptar-caballos-realengos-no-reclamados","status":"publish","type":"post","link":"https:\/\/noticel.com\/en\/noticias\/20260901\/vega-baja-crea-programa-para-adoptar-caballos-realengos-no-reclamados\/","title":{"rendered":"Vega Baja crea programa para adoptar caballos realengos no reclamados"},"content":{"rendered":"<p><\/p>\n\n\n\n<p>El alcalde de Vega Baja, Marcos Cruz Molina, anunci\u00f3 el martes la creaci\u00f3n de la iniciativa \u201cAdopte un Caballo\u201d, que permitir\u00e1 adoptar equinos realengos o abandonados cuyos propietarios no los reclamen en un periodo de 30 d\u00edas.<\/p>\n\n\n\n<p>\u201cCon esta iniciativa estamos buscando una alternativa responsable y humana para atender una situaci\u00f3n que por a\u00f1os ha representado un reto para nuestro municipio. Queremos proteger a los animales, pero tambi\u00e9n proteger a nuestros ciudadanos y conductores\u201d, dijo Cruz Molina en conferencia de prensa.<\/p>\n\n\n\n<p>La iniciativa fue establecida mediante una orden ejecutiva y estar\u00e1 disponible para residentes de Vega Baja y de otros municipios. Cuando se reciba una querella sobre un equino realengo o abandonado, el municipio realizar\u00e1 gestiones para identificar al propietario, quien tendr\u00e1 30 d\u00edas naturales para reclamarlo y recogerlo.<\/p>\n\n\n\n<p>Si transcurre el periodo sin que aparezca el propietario, el caballo podr\u00e1 ser colocado en adopci\u00f3n. El municipio divulgar\u00e1 en sus redes sociales los animales disponibles y las fechas y lugares donde se realizar\u00e1n los procesos de adopci\u00f3n.<\/p>\n\n\n\n<p>La persona que adopte uno de los equinos asumir\u00e1 su posesi\u00f3n, cuidado y tenencia conforme a los par\u00e1metros establecidos en la orden ejecutiva.<\/p><div class=\"notic-content-middle\" id=\"notic-1226395978\"><div class=\"notic-adlabel\">Advertisements<\/div><a data-no-instant=\"1\" href=\"https:\/\/www.asegurate-bien.com\/\" rel=\"noopener\" class=\"a2t-link\" target=\"_blank\" aria-label=\"Acodese-Adaptaciones-Noticel-728&#215;90\"><img loading=\"lazy\" decoding=\"async\" src=\"https:\/\/cdn.noticel.com\/2026\/07\/30095222\/Acodese-Adaptaciones-Noticel-728x90-1.jpg\" alt=\"\"  srcset=\"https:\/\/cdn.noticel.com\/2026\/07\/30095222\/Acodese-Adaptaciones-Noticel-728x90-1.jpg 728w, https:\/\/cdn.noticel.com\/2026\/07\/30095222\/Acodese-Adaptaciones-Noticel-728x90-1-300x37.jpg 300w, https:\/\/cdn.noticel.com\/2026\/07\/30095222\/Acodese-Adaptaciones-Noticel-728x90-1-18x2.jpg 18w\" sizes=\"(max-width: 728px) 100vw, 728px\" width=\"728\" height=\"90\"   \/><\/a><\/div>\n\n\n\n<p>Cruz Molina sostuvo que la presencia de caballos realengos tambi\u00e9n constituye un problema de seguridad vial. Seg\u00fan las estad\u00edsticas incluidas en la orden ejecutiva, entre junio de 2024 y junio de 2025 se registraron 483 accidentes de tr\u00e1nsito relacionados con caballos realengos o abandonados, de un total de 1,790 accidentes reportados durante ese periodo.<\/p>\n\n\n\n<p>\u201cHemos intentado distintas alternativas en el pasado, incluyendo la contrataci\u00f3n de entidades privadas y la movilizaci\u00f3n de nuestros equipos municipales. Sin embargo, nos hemos encontrado con dificultades como la falta de cooperaci\u00f3n de algunos propietarios y la escasez de espacios disponibles para estos animales\u201d, a\u00f1adi\u00f3 el alcalde.<\/p>\n\n\n\n<p>El municipio ha atendido anteriormente los reportes de equinos realengos mediante la Oficina Municipal para el Manejo de Emergencias (OMME) y otras dependencias.<\/p>\n\n\n\n<p>Los primeros caballos disponibles para adopci\u00f3n, los requisitos y el procedimiento para participar ser\u00e1n anunciados durante octubre a trav\u00e9s de las plataformas oficiales del municipio.<\/p>","protected":false},"excerpt":{"rendered":"<p>El alcalde de Vega Baja, Marcos Cruz Molina, anunci\u00f3 el martes la creaci\u00f3n de la iniciativa \u201cAdopte un Caballo\u201d, que permitir\u00e1 adoptar equinos realengos o abandonados cuyos propietarios no los reclamen en un periodo de 30 d\u00edas. \u201cCon esta iniciativa estamos buscando una alternativa responsable y humana para atender una situaci\u00f3n que por a\u00f1os ha [&hellip;]<\/p>","protected":false},"author":92,"featured_media":1021807,"comment_status":"open","ping_status":"open","sticky":false,"template":"","format":"standard","meta":{"_acf_changed":false,"_monsterinsights_skip_tracking":false,"ep_exclude_from_search":false,"footnotes":""},"categories":[4,3],"tags":[561],"class_list":["post-1021805","post","type-post","status-publish","format-standard","has-post-thumbnail","hentry","category-gobierno","category-noticias","tag-vega-baja"],"acf":[],"aioseo_notices":[],"_links":{"self":[{"href":"https:\/\/noticel.com\/en\/wp-json\/wp\/v2\/posts\/1021805","targetHints":{"allow":["GET"]}}],"collection":[{"href":"https:\/\/noticel.com\/en\/wp-json\/wp\/v2\/posts"}],"about":[{"href":"https:\/\/noticel.com\/en\/wp-json\/wp\/v2\/types\/post"}],"author":[{"embeddable":true,"href":"https:\/\/noticel.com\/en\/wp-json\/wp\/v2\/users\/92"}],"replies":[{"embeddable":true,"href":"https:\/\/noticel.com\/en\/wp-json\/wp\/v2\/comments?post=1021805"}],"version-history":[{"count":2,"href":"https:\/\/noticel.com\/en\/wp-json\/wp\/v2\/posts\/1021805\/revisions"}],"predecessor-version":[{"id":1021809,"href":"https:\/\/noticel.com\/en\/wp-json\/wp\/v2\/posts\/1021805\/revisions\/1021809"}],"wp:featuredmedia":[{"embeddable":true,"href":"https:\/\/noticel.com\/en\/wp-json\/wp\/v2\/media\/1021807"}],"wp:attachment":[{"href":"https:\/\/noticel.com\/en\/wp-json\/wp\/v2\/media?parent=1021805"}],"wp:term":[{"taxonomy":"category","embeddable":true,"href":"https:\/\/noticel.com\/en\/wp-json\/wp\/v2\/categories?post=1021805"},{"taxonomy":"post_tag","embeddable":true,"href":"https:\/\/noticel.com\/en\/wp-json\/wp\/v2\/tags?post=1021805"}],"curies":[{"name":"wp","href":"https:\/\/api.w.org\/{rel}","templated":true}]}}