{"id":1021792,"date":"2026-09-01T14:40:02","date_gmt":"2026-09-01T18:40:02","guid":{"rendered":""},"modified":"2026-09-01T16:43:46","modified_gmt":"2026-09-01T20:43:46","slug":"netanyahu-se-reune-con-los-embajadores-de-ee-uu-para-israel-y-el-libano-en-jerusalen","status":"publish","type":"post","link":"https:\/\/noticel.com\/en\/noticias\/20260901\/netanyahu-se-reune-con-los-embajadores-de-ee-uu-para-israel-y-el-libano-en-jerusalen\/","title":{"rendered":"Netanyahu se re\u00fane con los embajadores de EE.UU. para Israel y el L\u00edbano en Jerusal\u00e9n"},"content":{"rendered":"<p><strong>JERUSALEM \u2014<\/strong> El primer ministro israel\u00ed, Benjam\u00edn Netanyahu, se reuni\u00f3 este martes en Jerusal\u00e9n con el embajador de Estados Unidos en L\u00edbano, Michel Issa, y el embajador estadounidense en Israel, Mike Huckabee, inform\u00f3 la oficina del mandatario israel\u00ed.<\/p>\n\n\n\n<p>El encuentro se produce en un momento de creciente tensi\u00f3n en el sur del L\u00edbano, donde los ataques israel\u00edes persisten pese a los esfuerzos diplom\u00e1ticos de Washington para consolidar el acuerdo marco alcanzado entre ambos pa\u00edses a finales de este junio.<\/p>\n\n\n\n<p>La Fuerza Provisional de las Naciones Unidas en el L\u00edbano (FINUL) advirti\u00f3 el pasado viernes de que la situaci\u00f3n en el sur del L\u00edbano \u00absigue siendo fr\u00e1gil\u00bb y registr\u00f3 1.030 trayectorias de proyectiles entre el 21 y el 27 de agosto, un promedio de 147 al d\u00eda.<\/p>\n\n\n\n<p>La misi\u00f3n de la ONU lament\u00f3 adem\u00e1s los da\u00f1os causados a viviendas e infraestructuras y pidi\u00f3 a Israel y L\u00edbano que cumplan la resoluci\u00f3n 1701 del Consejo de Seguridad para reducir las tensiones y restablecer la estabilidad.<\/p>\n\n\n\n<p>La advertencia lleg\u00f3 despu\u00e9s de que al menos una mujer muriera y varias personas resultaran heridas el pasado jueves en bombardeos israel\u00edes contra la localidad de Arab Salim, en el sur del L\u00edbano. El Ej\u00e9rcito israel\u00ed hab\u00eda acusado a Hizbul\u00e1 de lanzar dos drones explosivos contra sus tropas apostadas en la zona monta\u00f1osa de Ali Taher.<\/p>\n\n\n\n<p>Los contactos entre Beirut y Jerusal\u00e9n, con mediaci\u00f3n de Estados Unidos, permanecen estancados. Hizbul\u00e1, que no participa en las negociaciones, rechaza el di\u00e1logo con Israel, mientras que el Gobierno israel\u00ed reclama el desarme del grupo chi\u00ed como una de las principales condiciones para un acuerdo duradero.<\/p>","protected":false},"excerpt":{"rendered":"<p>JERUSALEM \u2014 El primer ministro israel\u00ed, Benjam\u00edn Netanyahu, se reuni\u00f3 este martes en Jerusal\u00e9n con el embajador de Estados Unidos en L\u00edbano, Michel Issa, y el embajador estadounidense en Israel, Mike Huckabee, inform\u00f3 la oficina del mandatario israel\u00ed. El encuentro se produce en un momento de creciente tensi\u00f3n en el sur del L\u00edbano, donde los [&hellip;]<\/p>","protected":false},"author":102,"featured_media":1021800,"comment_status":"open","ping_status":"open","sticky":false,"template":"","format":"standard","meta":{"_acf_changed":false,"_monsterinsights_skip_tracking":false,"ep_exclude_from_search":false,"footnotes":""},"categories":[17,3],"tags":[702,6922,1557],"class_list":["post-1021792","post","type-post","status-publish","format-standard","has-post-thumbnail","hentry","category-mundo","category-noticias","tag-jerusalem","tag-libano-2","tag-netanyahu"],"acf":[],"aioseo_notices":[],"_links":{"self":[{"href":"https:\/\/noticel.com\/en\/wp-json\/wp\/v2\/posts\/1021792","targetHints":{"allow":["GET"]}}],"collection":[{"href":"https:\/\/noticel.com\/en\/wp-json\/wp\/v2\/posts"}],"about":[{"href":"https:\/\/noticel.com\/en\/wp-json\/wp\/v2\/types\/post"}],"author":[{"embeddable":true,"href":"https:\/\/noticel.com\/en\/wp-json\/wp\/v2\/users\/102"}],"replies":[{"embeddable":true,"href":"https:\/\/noticel.com\/en\/wp-json\/wp\/v2\/comments?post=1021792"}],"version-history":[{"count":2,"href":"https:\/\/noticel.com\/en\/wp-json\/wp\/v2\/posts\/1021792\/revisions"}],"predecessor-version":[{"id":1021798,"href":"https:\/\/noticel.com\/en\/wp-json\/wp\/v2\/posts\/1021792\/revisions\/1021798"}],"wp:featuredmedia":[{"embeddable":true,"href":"https:\/\/noticel.com\/en\/wp-json\/wp\/v2\/media\/1021800"}],"wp:attachment":[{"href":"https:\/\/noticel.com\/en\/wp-json\/wp\/v2\/media?parent=1021792"}],"wp:term":[{"taxonomy":"category","embeddable":true,"href":"https:\/\/noticel.com\/en\/wp-json\/wp\/v2\/categories?post=1021792"},{"taxonomy":"post_tag","embeddable":true,"href":"https:\/\/noticel.com\/en\/wp-json\/wp\/v2\/tags?post=1021792"}],"curies":[{"name":"wp","href":"https:\/\/api.w.org\/{rel}","templated":true}]}}