{"id":1021786,"date":"2026-09-01T14:25:47","date_gmt":"2026-09-01T18:25:47","guid":{"rendered":""},"modified":"2026-09-01T14:37:17","modified_gmt":"2026-09-01T18:37:17","slug":"solo-por-hoy-inaugura-centro-tecnologico-para-dar-voz-a-las-comunidades-vulnerables","status":"publish","type":"post","link":"https:\/\/noticel.com\/en\/noticias\/20260901\/solo-por-hoy-inaugura-centro-tecnologico-para-dar-voz-a-las-comunidades-vulnerables\/","title":{"rendered":"Solo por Hoy inaugura centro tecnol\u00f3gico para dar voz a las comunidades vulnerables"},"content":{"rendered":"<p>La organizaci\u00f3n Solo por Hoy inaugur\u00f3 hoy su Centro Tecnol\u00f3gico, que incluye los estudios para transmitir el podcast \u201cEntre voces y datos\u201d con el prop\u00f3sito de visibilizar el sentir de las comunidades vulnerables y de las personas sin hogar.<\/p>\n\n\n\n<p>\u201cEl centro tecnol\u00f3gico nos va a permitir conectar a organizaciones que se esfuerzan por brindar servicios a personas sin hogar y comunidades necesitadas. Aqu\u00ed hay espacios de reuni\u00f3n y brindaremos el acompa\u00f1amiento de expertos en el manejo de tecnolog\u00eda, podr\u00e1n a ser adiestrados tecnol\u00f3gicamente en computadoras y podemos grabar m\u00f3dulos educativos. Tambi\u00e9n podr\u00e1n exponer sus logros, sus servicios y sus necesidades al p\u00fablico en general\u201d, inform\u00f3 Belinda Hill, directora ejecutiva de Solo por Hoy.<\/p>\n\n\n\n<p>Como parte del centro, se construyeron los estudios de grabaci\u00f3n del nuevo podcast \u201cEntre voces y datos\u201d. \u201cCon el podcast entendemos que podemos crear conciencia y sensibilidad sobre las comunidades vulnerables. Desde el lado educativo informaremos de los servicios disponibles de las organizaciones y tambi\u00e9n buscaremos que tengan voz propia cuando quieran difundir sus mensajes, a\u00fan antes que en prensa y en radio, para expresar sus necesidades\u201d, coment\u00f3 Hill. Los estudios de grabaci\u00f3n los desarroll\u00f3 la compa\u00f1\u00eda productora 313, de Sonia Valent\u00edn.<\/p>\n\n\n\n<p>El primer podcast fue una entrevista al alcalde de San Juan, Miguel Romero, que le realiz\u00f3 Hill, sobre los servicios del municipio a las personas sin hogar. El podcast semanal se transmitir\u00e1 por las redes sociales de Facebook de Solo Por Hoy y en video por YouTube.&nbsp;<\/p><div class=\"notic-content-middle\" id=\"notic-1208678926\"><div class=\"notic-adlabel\">Advertisements<\/div><a data-no-instant=\"1\" href=\"https:\/\/www.asegurate-bien.com\/\" rel=\"noopener\" class=\"a2t-link\" target=\"_blank\" aria-label=\"Acodese-Adaptaciones-Noticel-300&#215;600\"><img loading=\"lazy\" decoding=\"async\" src=\"https:\/\/cdn.noticel.com\/2026\/05\/30094652\/Acodese-Adaptaciones-Noticel-300x600-1.jpg\" alt=\"\"  srcset=\"https:\/\/cdn.noticel.com\/2026\/05\/30094652\/Acodese-Adaptaciones-Noticel-300x600-1.jpg 300w, https:\/\/cdn.noticel.com\/2026\/05\/30094652\/Acodese-Adaptaciones-Noticel-300x600-1-150x300.jpg 150w, https:\/\/cdn.noticel.com\/2026\/05\/30094652\/Acodese-Adaptaciones-Noticel-300x600-1-6x12.jpg 6w\" sizes=\"(max-width: 300px) 100vw, 300px\" width=\"300\" height=\"600\"   \/><\/a><\/div>\n\n\n\n<p>El centro tuvo un costo de unos $100,000, de los cuales $60,000 provinieron del municipio de San Juan y el resto de donaciones. En la inauguraci\u00f3n estuvieron portavoces de organizaciones como La Fondita de Jes\u00fas, Hogar Ruth, La Perla de Gran Precio; Hogar Ayuda al refugiado, entre otras que trabajan con personas sin hogar y proyectos multisectoriales. El padre Milton Rivera, del canal 13, bendijo el centro. El legislador Jos\u00e9 \u201cCheito\u201d Hern\u00e1ndez, la doctora Lilliam Rodriguez, directora ejecutiva del senador Angel Toledo, as\u00ed como funcionarios del municipio de San Juan y la licenciada Nivia B. D\u00edaz Pacheco, secretaria auxiliar del Departamento de Vivienda tambi\u00e9n participaron.<\/p>\n\n\n\n<p>El alcalde de San Juan, tras el recorrido por el nuevo centro, coment\u00f3 que \u201cnosotros somos facilitadores. Con la ayuda de Solo por Hoy y este espacio que cuenta con los mejores equipos, se puede llevar el mensaje no solo de las situaciones que enfrentan a diario las comunidades sino aquellas iniciativas que han funcionado.&nbsp; Es bueno abrir el espacio a los conocedores de los distintos temas que afectan las comunidades y soluciones. Igualmente van a presentar historias de vida que no son otra cosa que modelos y mapas que otras personas pueden seguir para lograr recuperarse y superar cualquier situaci\u00f3n que est\u00e9n enfrentando\u201d.<\/p>\n\n\n\n<p>La fundadora de Solo por Hoy coincidi\u00f3 y agradeci\u00f3 a las distintas organizaciones que dijeron presentes y con las que colaborar\u00e1 en el mismo espacio. \u201cEs importante trabajar unidos porque el sinhogarismo tiene muchos rostros y ninguna organizaci\u00f3n por s\u00ed sola puede atender todas las necesidades. Algunas trabajan con personas con VIH, otras con casos de violencia dom\u00e9stica, otras con j\u00f3venes sin techo, otras familias que pueden perder la vivienda y otros con personas son sinhogarismo cr\u00f3nico que habr\u00e1 que ayudarles el resto de sus vidas. Un colectivo de organizaciones que trabajan unidas est\u00e1 en mejor disposici\u00f3n de atender las necesidades de la comunidad entera\u201d, plante\u00f3 Hill.<\/p>\n\n\n\n<p>Se estima que anualmente alrededor de 5,000 personas, por diversas razones, experimentan la falta de vivienda en Puerto Rico.<\/p>\n\n\n\n<figure class=\"wp-block-image size-large\"><img loading=\"lazy\" decoding=\"async\" width=\"1024\" height=\"683\" src=\"https:\/\/cdn.noticel.com\/2026\/09\/01143026\/solo2-1024x683.jpg\" alt=\"\" class=\"wp-image-1021788\" srcset=\"https:\/\/cdn.noticel.com\/2026\/09\/01143026\/solo2-1024x683.jpg 1024w, https:\/\/cdn.noticel.com\/2026\/09\/01143026\/solo2-300x200.jpg 300w, https:\/\/cdn.noticel.com\/2026\/09\/01143026\/solo2-768x512.jpg 768w, https:\/\/cdn.noticel.com\/2026\/09\/01143026\/solo2-1536x1024.jpg 1536w, https:\/\/cdn.noticel.com\/2026\/09\/01143026\/solo2-18x12.jpg 18w, https:\/\/cdn.noticel.com\/2026\/09\/01143026\/solo2.jpg 1620w\" sizes=\"auto, (max-width: 1024px) 100vw, 1024px\" \/><figcaption class=\"wp-element-caption\"><em>El primer podcast fue una entrevista al alcalde de San Juan, Miguel Romero, que le realiz\u00f3 Hill, sobre los servicios del municipio a las personas sin hogar. (Nickolas N. Torres\/NotiCel)<\/em><\/figcaption><\/figure>","protected":false},"excerpt":{"rendered":"<p>La organizaci\u00f3n Solo por Hoy inaugur\u00f3 hoy su Centro Tecnol\u00f3gico, que incluye los estudios para transmitir el podcast \u201cEntre voces y datos\u201d con el prop\u00f3sito de visibilizar el sentir de las comunidades vulnerables y de las personas sin hogar. \u201cEl centro tecnol\u00f3gico nos va a permitir conectar a organizaciones que se esfuerzan por brindar servicios [&hellip;]<\/p>","protected":false},"author":100,"featured_media":1021787,"comment_status":"open","ping_status":"open","sticky":false,"template":"","format":"standard","meta":{"_acf_changed":false,"_monsterinsights_skip_tracking":false,"ep_exclude_from_search":false,"footnotes":""},"categories":[12,3],"tags":[4226,5574,2161],"class_list":["post-1021786","post","type-post","status-publish","format-standard","has-post-thumbnail","hentry","category-la-calle","category-noticias","tag-belinda-hill","tag-podcast","tag-solo-por-hoy"],"acf":[],"aioseo_notices":[],"_links":{"self":[{"href":"https:\/\/noticel.com\/en\/wp-json\/wp\/v2\/posts\/1021786","targetHints":{"allow":["GET"]}}],"collection":[{"href":"https:\/\/noticel.com\/en\/wp-json\/wp\/v2\/posts"}],"about":[{"href":"https:\/\/noticel.com\/en\/wp-json\/wp\/v2\/types\/post"}],"author":[{"embeddable":true,"href":"https:\/\/noticel.com\/en\/wp-json\/wp\/v2\/users\/100"}],"replies":[{"embeddable":true,"href":"https:\/\/noticel.com\/en\/wp-json\/wp\/v2\/comments?post=1021786"}],"version-history":[{"count":2,"href":"https:\/\/noticel.com\/en\/wp-json\/wp\/v2\/posts\/1021786\/revisions"}],"predecessor-version":[{"id":1021795,"href":"https:\/\/noticel.com\/en\/wp-json\/wp\/v2\/posts\/1021786\/revisions\/1021795"}],"wp:featuredmedia":[{"embeddable":true,"href":"https:\/\/noticel.com\/en\/wp-json\/wp\/v2\/media\/1021787"}],"wp:attachment":[{"href":"https:\/\/noticel.com\/en\/wp-json\/wp\/v2\/media?parent=1021786"}],"wp:term":[{"taxonomy":"category","embeddable":true,"href":"https:\/\/noticel.com\/en\/wp-json\/wp\/v2\/categories?post=1021786"},{"taxonomy":"post_tag","embeddable":true,"href":"https:\/\/noticel.com\/en\/wp-json\/wp\/v2\/tags?post=1021786"}],"curies":[{"name":"wp","href":"https:\/\/api.w.org\/{rel}","templated":true}]}}