{"id":1021772,"date":"2026-09-01T14:09:34","date_gmt":"2026-09-01T18:09:34","guid":{"rendered":""},"modified":"2026-09-01T14:18:30","modified_gmt":"2026-09-01T18:18:30","slug":"al-beisbol-boricua-le-quedan-siete-compromisos-internacionales-en-este-2026","status":"publish","type":"post","link":"https:\/\/noticel.com\/en\/deportes\/20260901\/al-beisbol-boricua-le-quedan-siete-compromisos-internacionales-en-este-2026\/","title":{"rendered":"Al b\u00e9isbol boricua le quedan siete compromisos internacionales en este 2026"},"content":{"rendered":"<p>La Federaci\u00f3n de B\u00e9isbol de Puerto Rico (FBPR) tendr\u00e1 una agenda cargada durante los \u00faltimos meses de 2026, con siete compromisos de la World Baseball Softball Confederation (WBSC).<\/p>\n\n\n\n<p>Las primeras dos competencias ser\u00e1n de Baseball5, con la celebraci\u00f3n del II Campeonato Panamericano adulto y el primer Campeonato Panamericano Juvenil, ambos programados del 13 al 18 de octubre en Venezuela.<\/p>\n\n\n\n<p>Posteriormente, se realizar\u00e1 el XVI Campeonato Panamericano Sub 18, del 22 al 29 de octubre en la Rep\u00fablica Dominicana. Este evento ser\u00e1 clasificatorio para la Copa Mundial Sub 18 de 2027.<\/p>\n\n\n\n<p>Adem\u00e1s, por tercera ocasi\u00f3n consecutiva, Puerto Rico dir\u00e1 presente en la Copa Mundial Sub 23. Este a\u00f1o el evento ser\u00e1 en Nicaragua, del 6 al 15 de diciembre. La representaci\u00f3n puertorrique\u00f1a obtuvo la medalla de plata en la \u00faltima edici\u00f3n de esta competencia, celebrada en 2024.<\/p>\n\n\n\n<p>La agenda continuar\u00e1 con el XXXV Campeonato Panamericano Sub 12, programado del 20 al 27 de noviembre en Rep\u00fablica Dominicana, en busca de la clasificaci\u00f3n a la Copa Mundial Sub 12 de 2027.<\/p>\n\n\n\n<p>En diciembre, Puerto Rico har\u00e1 historia al organizar por primera vez &nbsp;la Copa Mundial de Baseball5, del 9 al 13 de diciembre en el Balneario de Carolina, con la participaci\u00f3n de 16 pa\u00edses. Mientras, &nbsp;del 12 al 18 de diciembre se celebrar\u00e1 en Panam\u00e1 el XXV Campeonato Panamericano Sub 10.<\/p>\n\n\n\n<figure class=\"wp-block-image size-large\"><img loading=\"lazy\" decoding=\"async\" width=\"1024\" height=\"617\" src=\"https:\/\/cdn.noticel.com\/2026\/09\/01141255\/Puerto-Rico-sera-sede-del-Mundial-de-Baseball5-1024x617.jpg\" alt=\"\" class=\"wp-image-1021777\" srcset=\"https:\/\/cdn.noticel.com\/2026\/09\/01141255\/Puerto-Rico-sera-sede-del-Mundial-de-Baseball5-1024x617.jpg 1024w, https:\/\/cdn.noticel.com\/2026\/09\/01141255\/Puerto-Rico-sera-sede-del-Mundial-de-Baseball5-300x181.jpg 300w, https:\/\/cdn.noticel.com\/2026\/09\/01141255\/Puerto-Rico-sera-sede-del-Mundial-de-Baseball5-768x462.jpg 768w, https:\/\/cdn.noticel.com\/2026\/09\/01141255\/Puerto-Rico-sera-sede-del-Mundial-de-Baseball5-1536x925.jpg 1536w, https:\/\/cdn.noticel.com\/2026\/09\/01141255\/Puerto-Rico-sera-sede-del-Mundial-de-Baseball5-18x12.jpg 18w, https:\/\/cdn.noticel.com\/2026\/09\/01141255\/Puerto-Rico-sera-sede-del-Mundial-de-Baseball5.jpg 1920w\" sizes=\"auto, (max-width: 1024px) 100vw, 1024px\" \/><figcaption class=\"wp-element-caption\"><em>Puerto Rico ser\u00e1 sede del Mundial de Baseball5. (Foto suministrada)<\/em><\/figcaption><\/figure>","protected":false},"excerpt":{"rendered":"<p>La Federaci\u00f3n de B\u00e9isbol de Puerto Rico (FBPR) tendr\u00e1 una agenda cargada durante los \u00faltimos meses de 2026, con siete compromisos de la World Baseball Softball Confederation (WBSC). Las primeras dos competencias ser\u00e1n de Baseball5, con la celebraci\u00f3n del II Campeonato Panamericano adulto y el primer Campeonato Panamericano Juvenil, ambos programados del 13 al 18 [&hellip;]<\/p>","protected":false},"author":100,"featured_media":1021773,"comment_status":"open","ping_status":"open","sticky":false,"template":"","format":"standard","meta":{"_acf_changed":false,"_monsterinsights_skip_tracking":false,"ep_exclude_from_search":false,"footnotes":""},"categories":[32,31],"tags":[3823,2182],"class_list":["post-1021772","post","type-post","status-publish","format-standard","has-post-thumbnail","hentry","category-beisbol","category-deportes","tag-eventos","tag-federacion-de-beisbol"],"acf":[],"aioseo_notices":[],"_links":{"self":[{"href":"https:\/\/noticel.com\/en\/wp-json\/wp\/v2\/posts\/1021772","targetHints":{"allow":["GET"]}}],"collection":[{"href":"https:\/\/noticel.com\/en\/wp-json\/wp\/v2\/posts"}],"about":[{"href":"https:\/\/noticel.com\/en\/wp-json\/wp\/v2\/types\/post"}],"author":[{"embeddable":true,"href":"https:\/\/noticel.com\/en\/wp-json\/wp\/v2\/users\/100"}],"replies":[{"embeddable":true,"href":"https:\/\/noticel.com\/en\/wp-json\/wp\/v2\/comments?post=1021772"}],"version-history":[{"count":2,"href":"https:\/\/noticel.com\/en\/wp-json\/wp\/v2\/posts\/1021772\/revisions"}],"predecessor-version":[{"id":1021781,"href":"https:\/\/noticel.com\/en\/wp-json\/wp\/v2\/posts\/1021772\/revisions\/1021781"}],"wp:featuredmedia":[{"embeddable":true,"href":"https:\/\/noticel.com\/en\/wp-json\/wp\/v2\/media\/1021773"}],"wp:attachment":[{"href":"https:\/\/noticel.com\/en\/wp-json\/wp\/v2\/media?parent=1021772"}],"wp:term":[{"taxonomy":"category","embeddable":true,"href":"https:\/\/noticel.com\/en\/wp-json\/wp\/v2\/categories?post=1021772"},{"taxonomy":"post_tag","embeddable":true,"href":"https:\/\/noticel.com\/en\/wp-json\/wp\/v2\/tags?post=1021772"}],"curies":[{"name":"wp","href":"https:\/\/api.w.org\/{rel}","templated":true}]}}