{"id":1021766,"date":"2026-09-01T13:47:55","date_gmt":"2026-09-01T17:47:55","guid":{"rendered":""},"modified":"2026-09-01T13:54:07","modified_gmt":"2026-09-01T17:54:07","slug":"el-flamenco-y-la-rumba-catalana-se-apoderaran-del-antiguo-cuartel-de-ballaja","status":"publish","type":"post","link":"https:\/\/noticel.com\/en\/entretenimiento\/20260901\/el-flamenco-y-la-rumba-catalana-se-apoderaran-del-antiguo-cuartel-de-ballaja\/","title":{"rendered":"El flamenco y la rumba catalana se apoderar\u00e1n del antiguo Cuartel de Ballaj\u00e1"},"content":{"rendered":"<p>Un espect\u00e1culo que transportar\u00e1 a los asistentes al coraz\u00f3n de Espa\u00f1a al combinar la pasi\u00f3n del flamenco y la energ\u00eda de la rumba catalana se presentar\u00e1 el 17 de octubre en el hist\u00f3rico Cuartel de Ballaj\u00e1, en el Viejo San Juan.<\/p>\n\n\n\n<p>El \u201cGipsy Legacy Tour\u201d\u00a0contar\u00e1 con los \u00e9xitos del recordado grupo musical Gipsy Kings que han trascendido generaciones, como \u201cBambol\u00e9o\u201d, \u201cVolare\u201d, \u201cDjobi Djoba\u201d y \u201cA mi manera\u201d, entre otros.\u00a0<\/p>\n\n\n\n<p>\u201cQueremos que el p\u00fablico viva una velada cultural mediterr\u00e1nea como ninguna otra. La pasi\u00f3n, el romance, la alegr\u00eda del flamenco y la rumba se apoderar\u00e1n de Ballaj\u00e1 y nos transportar\u00e1 al coraz\u00f3n de Espa\u00f1a\u201d,expres\u00f3 Gabriel Monta\u00f1ez, de GM Entertainment.<\/p>\n\n\n\n<p>Para su regreso a Puerto Rico, el&nbsp;\u201cGipsy Legacy Tour\u201dpresentar\u00e1 un renovado concepto esc\u00e9nico en uno de los espacios hist\u00f3ricos m\u00e1s emblem\u00e1ticos de la Isla. El Cuartel de Ballaj\u00e1 se transformar\u00e1 en un tablado mediterr\u00e1neo bajo las estrellas, donde se combinar\u00e1n la m\u00fasica, arquitectura, cultura y gastronom\u00eda para una experiencia sofisticada y festiva. &nbsp;<\/p>\n\n\n\n<p>\u201cTodos los boletos son de entrada general, por lo que no habr\u00e1 asientos asignados. Exhortamos al p\u00fablico a llegar temprano para que puedan disfrutar del ambiente y de la oferta gastron\u00f3mica que hemos preparado antes del concierto\u201d,&nbsp;a\u00f1adi\u00f3 Monta\u00f1ez. &nbsp;<\/p>\n\n\n\n<p>El evento contar\u00e1 con el respaldo de Estrella Galicia, IL Olivo, Travel Gallery, Tropigas y El Corcho, auspiciadores y anfitriones oficiales de una noche que celebrar\u00e1 los hist\u00f3ricos v\u00ednculos culturales entre Puerto Rico y Espa\u00f1a.<\/p>\n\n\n\n<p>El espect\u00e1culo comenzar\u00e1 a las 8:00 p.m. Los boletos ya est\u00e1n a la venta a trav\u00e9s de&nbsp;<a href=\"https:\/\/www.ticketera.com\/events\/detail\/gipsykingslegacy\" target=\"_blank\" rel=\"noreferrer noopener\">Ticketera<\/a>.<\/p>","protected":false},"excerpt":{"rendered":"<p>Un espect\u00e1culo que transportar\u00e1 a los asistentes al coraz\u00f3n de Espa\u00f1a al combinar la pasi\u00f3n del flamenco y la energ\u00eda de la rumba catalana se presentar\u00e1 el 17 de octubre en el hist\u00f3rico Cuartel de Ballaj\u00e1, en el Viejo San Juan. El \u201cGipsy Legacy Tour\u201d\u00a0contar\u00e1 con los \u00e9xitos del recordado grupo musical Gipsy Kings que [&hellip;]<\/p>","protected":false},"author":100,"featured_media":1021767,"comment_status":"open","ping_status":"open","sticky":false,"template":"","format":"standard","meta":{"_acf_changed":false,"_monsterinsights_skip_tracking":false,"ep_exclude_from_search":false,"footnotes":""},"categories":[52,53],"tags":[5425,6920],"class_list":["post-1021766","post","type-post","status-publish","format-standard","has-post-thumbnail","hentry","category-entretenimiento","category-musica","tag-cuartel-de-ballaja","tag-rumba-flamenca"],"acf":[],"aioseo_notices":[],"_links":{"self":[{"href":"https:\/\/noticel.com\/en\/wp-json\/wp\/v2\/posts\/1021766","targetHints":{"allow":["GET"]}}],"collection":[{"href":"https:\/\/noticel.com\/en\/wp-json\/wp\/v2\/posts"}],"about":[{"href":"https:\/\/noticel.com\/en\/wp-json\/wp\/v2\/types\/post"}],"author":[{"embeddable":true,"href":"https:\/\/noticel.com\/en\/wp-json\/wp\/v2\/users\/100"}],"replies":[{"embeddable":true,"href":"https:\/\/noticel.com\/en\/wp-json\/wp\/v2\/comments?post=1021766"}],"version-history":[{"count":1,"href":"https:\/\/noticel.com\/en\/wp-json\/wp\/v2\/posts\/1021766\/revisions"}],"predecessor-version":[{"id":1021768,"href":"https:\/\/noticel.com\/en\/wp-json\/wp\/v2\/posts\/1021766\/revisions\/1021768"}],"wp:featuredmedia":[{"embeddable":true,"href":"https:\/\/noticel.com\/en\/wp-json\/wp\/v2\/media\/1021767"}],"wp:attachment":[{"href":"https:\/\/noticel.com\/en\/wp-json\/wp\/v2\/media?parent=1021766"}],"wp:term":[{"taxonomy":"category","embeddable":true,"href":"https:\/\/noticel.com\/en\/wp-json\/wp\/v2\/categories?post=1021766"},{"taxonomy":"post_tag","embeddable":true,"href":"https:\/\/noticel.com\/en\/wp-json\/wp\/v2\/tags?post=1021766"}],"curies":[{"name":"wp","href":"https:\/\/api.w.org\/{rel}","templated":true}]}}