{"id":1021755,"date":"2026-09-01T13:40:46","date_gmt":"2026-09-01T17:40:46","guid":{"rendered":""},"modified":"2026-09-01T17:07:44","modified_gmt":"2026-09-01T21:07:44","slug":"secretario-del-daco-refuta-que-inicio-una-licencia-sin-sueldo-para-hacer-campana-en-catano","status":"publish","type":"post","link":"https:\/\/noticel.com\/en\/noticias\/20260901\/secretario-del-daco-refuta-que-inicio-una-licencia-sin-sueldo-para-hacer-campana-en-catano\/","title":{"rendered":"Secretario del DACO refuta que inici\u00f3 una licencia sin sueldo para hacer campa\u00f1a en Cata\u00f1o"},"content":{"rendered":"<p>Hiram Torres Montalvo continuar\u00e1 ocupado la silla de secretario del Departamento de Asuntos del Consumidor (DACO) mientras espera por la certificaci\u00f3n del Partido Nuevo Progresista (PNP) como aspirante a la vacante silla de primer ejecutivo en Cata\u00f1o.<\/p>\n\n\n\n<p>Eso contradice las declaraciones que hizo Jean Pe\u00f1a Payano, secretario de Asuntos P\u00fablicos de La Fortaleza, cuando fue abordado sobre el tema durante \u201cEn R\u00e9cord\u201d y dijo que Torres Montalvo se acogi\u00f3 a una licencia sin sueldo luego de anunciar p\u00fablicamente su intenci\u00f3n de aspirar en la papeleta como candidato en la elecci\u00f3n especial para la alcald\u00eda a ra\u00edz del fallecimiento de Julio Alicea.<\/p>\n\n\n\n<p>\u201cQuiero aclarar que no me estar\u00e9 acogiendo a una licencia sin sueldo. Estamos trabajando para dejar preparados los planes de trabajo de los pr\u00f3ximos meses para asegurar que la agencia cuente con una planificaci\u00f3n s\u00f3lida y que todo siga funcionando adecuadamente. Pero, una vez sea certificado oficialmente como candidato a la alcald\u00eda de Cata\u00f1o, utilizar\u00e9 los d\u00edas acumulados con cargo a vacaciones para poder dedicarme a la campa\u00f1a\u201d, inform\u00f3 Torres Montalvo, quien, al parecer, consult\u00f3 a unos abogados que no mencion\u00f3 para determinar si existen discrepancias legales entre el C\u00f3digo Electoral y el C\u00f3digo Municipal sobre su continuidad como secretario del DACO mientras persigue un puesto electivo.<\/p>\n\n\n\n<p>El C\u00f3digo Electoral de Puerto Rico 2020 establece que \u201ctodo Aspirante o Candidato a un cargo electivo que se desempe\u00f1e como Secretario, jefe, autoridad nominadora, o director regional de una agencia, departamento, dependencia gubernamental o corporaci\u00f3n p\u00fablica en la Rama Ejecutiva, incluyendo cualquier asesor o funcionario que ocupe una posici\u00f3n de confianza que formule pol\u00edtica p\u00fablica adscrito a la Oficina del Gobernador, excepto el Gobernador, deber\u00e1 presentar su renuncia a dicho cargo 30 d\u00edas antes de presentar su candidatura o la intenci\u00f3n de candidatura a un cargo p\u00fablico electivo a la Comisi\u00f3n\u201d.<\/p>\n\n\n\n<p>Los aspirantes para participar en la elecci\u00f3n especial en Cata\u00f1o tienen hasta el 4 de septiembre para entregar los requeridos documentos. El sorteo de posiciones en las posiciones en las papeletas se efectuar\u00e1 el 9 de septiembre y la elecci\u00f3n especial el domingo 27 de septiembre. Bethzaida Rodr\u00edguez, esposa del fenecido alcalde, Julio Alicea Vasallo, y Fernando Cintr\u00f3n tambi\u00e9n han expresado inter\u00e9s.<\/p><div class=\"notic-content-middle\" id=\"notic-1135619622\"><div class=\"notic-adlabel\">Advertisements<\/div><a data-no-instant=\"1\" href=\"https:\/\/www.asegurate-bien.com\/\" rel=\"noopener\" class=\"a2t-link\" target=\"_blank\" aria-label=\"Acodese-Adaptaciones-Noticel-300&#215;250\"><img loading=\"lazy\" decoding=\"async\" src=\"https:\/\/cdn.noticel.com\/2026\/05\/30094423\/Acodese-Adaptaciones-Noticel-300x250-1.jpg\" alt=\"\"  srcset=\"https:\/\/cdn.noticel.com\/2026\/05\/30094423\/Acodese-Adaptaciones-Noticel-300x250-1.jpg 300w, https:\/\/cdn.noticel.com\/2026\/05\/30094423\/Acodese-Adaptaciones-Noticel-300x250-1-14x12.jpg 14w\" sizes=\"(max-width: 300px) 100vw, 300px\" width=\"300\" height=\"250\"   \/><\/a><\/div>\n\n\n\n<p>El pasado mayo, Luis Rodr\u00edguez D\u00edaz present\u00f3 su renuncia como presidente de la Corporaci\u00f3n de Puerto Rico para la Difusi\u00f3n P\u00fablica debido a su intenci\u00f3n de participar en el proceso eleccionario para la alcald\u00eda de Luquillo en el 2028.<\/p>\n\n\n\n<p>Pe\u00f1a Payano catalog\u00f3 que las situaciones son distintas.<\/p>\n\n\n\n<p>\u201cEs un tema legal electoral. No dar\u00e9 una opini\u00f3n jur\u00eddica sobre eso. En Luquillo no hubo un fallecimiento de un oficial electo que activa unas disposiciones distintas en el c\u00f3digo electoral. Aqu\u00ed es un proceso diferente. El contexto es muy distinto porque las disposiciones que se activan por motivos diferentes\u201d, insisti\u00f3 el funcionario.<\/p>\n\n\n\n<p>Historia relacionada: <\/p>\n\n\n\n<p><a href=\"https:\/\/noticel.com\/en\/noticias\/20260820\/eleccion-especial-para-la-alcaldia-de-catano-ocurrira-el-27-de-septiembre\/\" title=\"\">Elecci\u00f3n especial para la alcald\u00eda de Cata\u00f1o ocurrir\u00e1 el 27 de septiembre<\/a><\/p>","protected":false},"excerpt":{"rendered":"<p>Hiram Torres Montalvo continuar\u00e1 ocupado la silla de secretario del Departamento de Asuntos del Consumidor (DACO) mientras espera por la certificaci\u00f3n del Partido Nuevo Progresista (PNP) como aspirante a la vacante silla de primer ejecutivo en Cata\u00f1o. Eso contradice las declaraciones que hizo Jean Pe\u00f1a Payano, secretario de Asuntos P\u00fablicos de La Fortaleza, cuando fue [&hellip;]<\/p>","protected":false},"author":93,"featured_media":1021759,"comment_status":"open","ping_status":"open","sticky":false,"template":"","format":"standard","meta":{"_acf_changed":false,"_monsterinsights_skip_tracking":false,"ep_exclude_from_search":false,"footnotes":""},"categories":[3],"tags":[260,716],"class_list":["post-1021755","post","type-post","status-publish","format-standard","has-post-thumbnail","hentry","category-noticias","tag-catano","tag-daco"],"acf":[],"aioseo_notices":[],"_links":{"self":[{"href":"https:\/\/noticel.com\/en\/wp-json\/wp\/v2\/posts\/1021755","targetHints":{"allow":["GET"]}}],"collection":[{"href":"https:\/\/noticel.com\/en\/wp-json\/wp\/v2\/posts"}],"about":[{"href":"https:\/\/noticel.com\/en\/wp-json\/wp\/v2\/types\/post"}],"author":[{"embeddable":true,"href":"https:\/\/noticel.com\/en\/wp-json\/wp\/v2\/users\/93"}],"replies":[{"embeddable":true,"href":"https:\/\/noticel.com\/en\/wp-json\/wp\/v2\/comments?post=1021755"}],"version-history":[{"count":7,"href":"https:\/\/noticel.com\/en\/wp-json\/wp\/v2\/posts\/1021755\/revisions"}],"predecessor-version":[{"id":1021827,"href":"https:\/\/noticel.com\/en\/wp-json\/wp\/v2\/posts\/1021755\/revisions\/1021827"}],"wp:featuredmedia":[{"embeddable":true,"href":"https:\/\/noticel.com\/en\/wp-json\/wp\/v2\/media\/1021759"}],"wp:attachment":[{"href":"https:\/\/noticel.com\/en\/wp-json\/wp\/v2\/media?parent=1021755"}],"wp:term":[{"taxonomy":"category","embeddable":true,"href":"https:\/\/noticel.com\/en\/wp-json\/wp\/v2\/categories?post=1021755"},{"taxonomy":"post_tag","embeddable":true,"href":"https:\/\/noticel.com\/en\/wp-json\/wp\/v2\/tags?post=1021755"}],"curies":[{"name":"wp","href":"https:\/\/api.w.org\/{rel}","templated":true}]}}