{"id":1021751,"date":"2026-09-01T13:23:36","date_gmt":"2026-09-01T17:23:36","guid":{"rendered":""},"modified":"2026-09-01T13:34:22","modified_gmt":"2026-09-01T17:34:22","slug":"1021751","status":"publish","type":"post","link":"https:\/\/noticel.com\/en\/ultima-hora\/20260901\/1021751\/","title":{"rendered":"Estados Unidos ataca a Ir\u00e1n en medio de tensi\u00f3n por comercio en el estrecho de Ormuz"},"content":{"rendered":"<p>El ej\u00e9rcito de Estados Unidos llev\u00f3 a cabo ataques adicionales hoy contra objetivos del Cuerpo de la Guardia Revolucionaria Isl\u00e1mica en Ir\u00e1n, en respuesta a los recientes intentos de ataques contra la navegaci\u00f3n comercial en el estrecho de Ormuz y las tropas estadounidenses desplegadas en la regi\u00f3n, seg\u00fan el Comando Central de Estados Unidos.<\/p>\n\n\n\n<p>La noticia fue divulgada por CNN.<\/p>\n\n\n\n<p>\u00abHoy a las 12:00 p.m. hora del este (ET), las fuerzas estadounidenses comenzaron a atacar objetivos del Cuerpo de la Guardia Revolucionaria Isl\u00e1mica (CGRI) en Ir\u00e1n\u00bb, escribi\u00f3 CENTCOM en una publicaci\u00f3n en X. \u00abLos ataques ocurren tras los recientes intentos de ataque del CGRI contra la navegaci\u00f3n comercial en el estrecho de Ormuz y contra miembros del servicio estadounidense desplegados en la regi\u00f3n\u00bb, a\u00f1ade la publicaci\u00f3n.<\/p>\n\n\n\n<p>La nueva ronda de ataques se produce despu\u00e9s de que Estados Unidos e Ir\u00e1n intercambiaran ataques durante la noche del lunes, lo que marca el primer intercambio de fuego entre ambos pa\u00edses en m\u00e1s de un mes.<\/p>\n\n\n\n<p>En ese momento, Ir\u00e1n afirm\u00f3 que hab\u00eda disparado misiles hacia objetivos militares estadounidenses en Jordania y los Emiratos \u00c1rabes Unidos en represalia por un ataque de Estados Unidos contra lanzadores de cohetes iran\u00edes en la isla de Larak. Estados Unidos indic\u00f3 que Ir\u00e1n estaba intentando lanzar minas marinas en el estrecho de Ormuz, la ruta mar\u00edtima que se ha convertido en el centro de las tensiones regionales y de los esfuerzos diplom\u00e1ticos.<\/p>\n\n\n\n<p>El presidente Donald Trump declar\u00f3 el lunes que las acciones de Estados Unidos en Ir\u00e1n ser\u00e1n \u201cmuy limitadas\u201d tras la escalada de tensiones de este fin de semana.<\/p><div class=\"notic-content-middle\" id=\"notic-1105540469\"><div class=\"notic-adlabel\">Advertisements<\/div><a data-no-instant=\"1\" href=\"https:\/\/www.asegurate-bien.com\/\" rel=\"noopener\" class=\"a2t-link\" target=\"_blank\" aria-label=\"Acodese-Adaptaciones-Noticel-728&#215;90\"><img loading=\"lazy\" decoding=\"async\" src=\"https:\/\/cdn.noticel.com\/2026\/07\/30095222\/Acodese-Adaptaciones-Noticel-728x90-1.jpg\" alt=\"\"  srcset=\"https:\/\/cdn.noticel.com\/2026\/07\/30095222\/Acodese-Adaptaciones-Noticel-728x90-1.jpg 728w, https:\/\/cdn.noticel.com\/2026\/07\/30095222\/Acodese-Adaptaciones-Noticel-728x90-1-300x37.jpg 300w, https:\/\/cdn.noticel.com\/2026\/07\/30095222\/Acodese-Adaptaciones-Noticel-728x90-1-18x2.jpg 18w\" sizes=\"(max-width: 728px) 100vw, 728px\" width=\"728\" height=\"90\"   \/><\/a><\/div>\n\n\n\n<p>\u201cEs muy limitadas\u201d, dijo Trump en el Despacho Oval, y procedi\u00f3 a enumerar lo que calific\u00f3 como importantes logros militares de Estados Unidos en el transcurso de la guerra de seis meses.<\/p>\n\n\n\n<p>\u201cSu armada ya no existe. Su fuerza a\u00e9rea ya no existe. Su equipo de vigilancia est\u00e1 casi en su totalidad destruido\u201d, afirm\u00f3. \u201cEso no significa que no vayamos a darles su merecido. Ya veremos qu\u00e9 pasa\u201d.<\/p>\n\n\n\n<p>Trump insisti\u00f3 en que el estrecho de Ormuz estaba en \u00abexcelentemente buenas condiciones\u00bb con el tr\u00e1nsito de muchos barcos, aunque los datos de seguimiento muestran que el tr\u00e1fico sigue siendo significativamente menor que antes de que comenzara la guerra.<\/p>\n\n\n\n<p>Al preguntarle qui\u00e9n estaba actualmente a cargo en Teher\u00e1n, Trump dijo que segu\u00eda siendo una pregunta abierta.<\/p>\n\n\n\n<p>\u00abEn mi opini\u00f3n, no saben qui\u00e9n es el l\u00edder\u00bb, afirm\u00f3. \u00abEst\u00e1n los radicales, pero han sido borrados desde el punto de vista militar porque el ej\u00e9rcito es solo una fracci\u00f3n de lo que era\u00bb.<\/p>\n\n\n\n<p>\u00abRealmente no creo que sepan qui\u00e9n es su l\u00edder\u00bb, asegur\u00f3.<\/p>","protected":false},"excerpt":{"rendered":"<p>El ej\u00e9rcito de Estados Unidos llev\u00f3 a cabo ataques adicionales hoy contra objetivos del Cuerpo de la Guardia Revolucionaria Isl\u00e1mica en Ir\u00e1n, en respuesta a los recientes intentos de ataques contra la navegaci\u00f3n comercial en el estrecho de Ormuz y las tropas estadounidenses desplegadas en la regi\u00f3n, seg\u00fan el Comando Central de Estados Unidos. La [&hellip;]<\/p>","protected":false},"author":100,"featured_media":1019009,"comment_status":"open","ping_status":"open","sticky":false,"template":"","format":"standard","meta":{"_acf_changed":false,"_monsterinsights_skip_tracking":false,"ep_exclude_from_search":false,"footnotes":""},"categories":[17,3,2],"tags":[2676,117],"class_list":["post-1021751","post","type-post","status-publish","format-standard","has-post-thumbnail","hentry","category-mundo","category-noticias","category-ultima-hora","tag-ataque","tag-estados-unidos"],"acf":[],"aioseo_notices":[],"_links":{"self":[{"href":"https:\/\/noticel.com\/en\/wp-json\/wp\/v2\/posts\/1021751","targetHints":{"allow":["GET"]}}],"collection":[{"href":"https:\/\/noticel.com\/en\/wp-json\/wp\/v2\/posts"}],"about":[{"href":"https:\/\/noticel.com\/en\/wp-json\/wp\/v2\/types\/post"}],"author":[{"embeddable":true,"href":"https:\/\/noticel.com\/en\/wp-json\/wp\/v2\/users\/100"}],"replies":[{"embeddable":true,"href":"https:\/\/noticel.com\/en\/wp-json\/wp\/v2\/comments?post=1021751"}],"version-history":[{"count":2,"href":"https:\/\/noticel.com\/en\/wp-json\/wp\/v2\/posts\/1021751\/revisions"}],"predecessor-version":[{"id":1021760,"href":"https:\/\/noticel.com\/en\/wp-json\/wp\/v2\/posts\/1021751\/revisions\/1021760"}],"wp:featuredmedia":[{"embeddable":true,"href":"https:\/\/noticel.com\/en\/wp-json\/wp\/v2\/media\/1019009"}],"wp:attachment":[{"href":"https:\/\/noticel.com\/en\/wp-json\/wp\/v2\/media?parent=1021751"}],"wp:term":[{"taxonomy":"category","embeddable":true,"href":"https:\/\/noticel.com\/en\/wp-json\/wp\/v2\/categories?post=1021751"},{"taxonomy":"post_tag","embeddable":true,"href":"https:\/\/noticel.com\/en\/wp-json\/wp\/v2\/tags?post=1021751"}],"curies":[{"name":"wp","href":"https:\/\/api.w.org\/{rel}","templated":true}]}}