{"id":1021741,"date":"2026-09-01T13:09:27","date_gmt":"2026-09-01T17:09:27","guid":{"rendered":""},"modified":"2026-09-01T13:23:32","modified_gmt":"2026-09-01T17:23:32","slug":"el-gobierno-pide-mas-tiempo-para-cumplir-con-deudas-atrasadas-por-el-erp","status":"publish","type":"post","link":"https:\/\/noticel.com\/en\/ultima-hora\/20260901\/el-gobierno-pide-mas-tiempo-para-cumplir-con-deudas-atrasadas-por-el-erp\/","title":{"rendered":"El gobierno pide m\u00e1s tiempo para cumplir con deudas atrasadas por el ERP"},"content":{"rendered":"<p>El gobierno de Puerto Rico le ha solicitado a la Junta de Supervisi\u00f3n Fiscal (JSF) que extienda hasta el 31 de otubre el plazo para poder cumplir con deudas a suplidores por servicios rendidos en el pasado a\u00f1o fiscal.<\/p>\n\n\n\n<p>La deuda alcanza $362 millones. Un total de $198.2 millones en el Fondo General y $163.7\u00a0millones del Fondo de Ingresos Especiales. Hacienda debe $14 millones, Salud $45.7 millones y Educaci\u00f3n $62.3 millones.<\/p>\n\n\n\n<p>Este pasado viernes el director ejecutivo de la JSF, Robert Mujica, hizo alusi\u00f3n a la petici\u00f3n del gobierno incluida en una carta del 30 de julio del director de la Oficina de Gerencia y Presupuesto, Orlando Rivera Berr\u00edos. En esa misiva Rivera Berr\u00edos reconoce que la deuda era atribuible a la implementaci\u00f3n del sistema \u00cdntegraPR, el &nbsp;nuevo sistema de planificaci\u00f3n de recursos empresariales (ERP, por sus siglas en ingl\u00e9s).<\/p>\n\n\n\n<p>\u201cLa transici\u00f3n al sistema de ERP ha requierido esfuerzos significativos operacionales y t\u00e9cnicos, incluyendo la validaci\u00f3n y el procesamiento de obligaciones del a\u00f1o fiscal 2026\u201d, escribi\u00f3 Mujica.<\/p>\n\n\n\n<p>El director de la Junta se\u00f1al\u00f3 en la carta a Rivera Berr\u00edos que el an\u00e1lisis del organismo fiscal impuesto surge de informaci\u00f3n provista por el gobierno el 10 de agosto y suplementada por ota entrega ocho d\u00edas m\u00e1s tarde.<\/p>\n\n\n\n<p>La Junta aclara que esta extensi\u00f3n haste el 31 de octubre es una excepci\u00f3n \u00fanica para las obligaciones incurridas en el pasado a\u00f1o fiscal. Adem\u00e1s, le indica al gobierno que tendr\u00e1 que entregar, en o antes del 15 de septiembre, un documento Excel detallando las \u00f3rdenes de compra.<\/p>","protected":false},"excerpt":{"rendered":"<p>El gobierno de Puerto Rico le ha solicitado a la Junta de Supervisi\u00f3n Fiscal (JSF) que extienda hasta el 31 de otubre el plazo para poder cumplir con deudas a suplidores por servicios rendidos en el pasado a\u00f1o fiscal. La deuda alcanza $362 millones. Un total de $198.2 millones en el Fondo General y $163.7\u00a0millones [&hellip;]<\/p>","protected":false},"author":100,"featured_media":1021743,"comment_status":"open","ping_status":"open","sticky":false,"template":"","format":"standard","meta":{"_acf_changed":false,"_monsterinsights_skip_tracking":false,"ep_exclude_from_search":false,"footnotes":""},"categories":[4,3,2],"tags":[5571],"class_list":["post-1021741","post","type-post","status-publish","format-standard","has-post-thumbnail","hentry","category-gobierno","category-noticias","category-ultima-hora","tag-erp"],"acf":[],"aioseo_notices":[],"_links":{"self":[{"href":"https:\/\/noticel.com\/en\/wp-json\/wp\/v2\/posts\/1021741","targetHints":{"allow":["GET"]}}],"collection":[{"href":"https:\/\/noticel.com\/en\/wp-json\/wp\/v2\/posts"}],"about":[{"href":"https:\/\/noticel.com\/en\/wp-json\/wp\/v2\/types\/post"}],"author":[{"embeddable":true,"href":"https:\/\/noticel.com\/en\/wp-json\/wp\/v2\/users\/100"}],"replies":[{"embeddable":true,"href":"https:\/\/noticel.com\/en\/wp-json\/wp\/v2\/comments?post=1021741"}],"version-history":[{"count":2,"href":"https:\/\/noticel.com\/en\/wp-json\/wp\/v2\/posts\/1021741\/revisions"}],"predecessor-version":[{"id":1021747,"href":"https:\/\/noticel.com\/en\/wp-json\/wp\/v2\/posts\/1021741\/revisions\/1021747"}],"wp:featuredmedia":[{"embeddable":true,"href":"https:\/\/noticel.com\/en\/wp-json\/wp\/v2\/media\/1021743"}],"wp:attachment":[{"href":"https:\/\/noticel.com\/en\/wp-json\/wp\/v2\/media?parent=1021741"}],"wp:term":[{"taxonomy":"category","embeddable":true,"href":"https:\/\/noticel.com\/en\/wp-json\/wp\/v2\/categories?post=1021741"},{"taxonomy":"post_tag","embeddable":true,"href":"https:\/\/noticel.com\/en\/wp-json\/wp\/v2\/tags?post=1021741"}],"curies":[{"name":"wp","href":"https:\/\/api.w.org\/{rel}","templated":true}]}}