{"id":1021730,"date":"2026-09-01T11:50:14","date_gmt":"2026-09-01T15:50:14","guid":{"rendered":""},"modified":"2026-09-01T12:08:32","modified_gmt":"2026-09-01T16:08:32","slug":"arrecia-la-presion-de-la-junta-para-que-educacion-revele-su-plan-financiero-a-cinco-anos","status":"publish","type":"post","link":"https:\/\/noticel.com\/en\/ultima-hora\/20260901\/arrecia-la-presion-de-la-junta-para-que-educacion-revele-su-plan-financiero-a-cinco-anos\/","title":{"rendered":"Arrecia la presi\u00f3n de la Junta para que Educaci\u00f3n revele su plan financiero a cinco a\u00f1os"},"content":{"rendered":"<p>La Junta de Supervisi\u00f3n Fiscal (JSF) contin\u00faa presionando al Departamento de Educaci\u00f3n a que divulgue informaci\u00f3n sobre sus finanzas y ahora le ha dado un plazo hasta el 18 de septiembre su plan fiscal, a\u00f1o por a\u00f1o, por los pr\u00f3ximos cinco a\u00f1os.<\/p>\n\n\n\n<p>En una carta firmada por el director ejecutivo de la Junta, Robert Mujica, le indica al secretario de Educaci\u00f3n, Eliezer Ramos Par\u00e9s que Educaci\u00f3n incumpli\u00f3 con una primera petici\u00f3n de esta informaci\u00f3n presentada a Educaci\u00f3n el 16 de mayo de 2025.<\/p>\n\n\n\n<p>Los datos ten\u00edan que ser entregados para el 23 de mayo de 2025. Hist\u00f3ricamente, y se repiti\u00f3 durante el verano, Educaci\u00f3n ha tenido problemas para pagarle a transportistas y proveedores de servicios, como a los estudiantes de educaci\u00f3n especial.<\/p>\n\n\n\n<p>\u201cLa entrega contin\u00faa sin hacerse\u201d, escribi\u00f3 Mujica. \u201cEl plan solicitado es necesario para evaluar las necesidades de fondos actuales y proyectadas del Departamento de Educaci\u00f3n de Puerto Rico, respaldar ajustes presupuestarios y promover la sostenibilidad fiscal a largo plazo\u2026\u201d.<\/p><div class=\"notic-content-middle\" id=\"notic-1124018924\"><div class=\"notic-adlabel\">Advertisements<\/div><a data-no-instant=\"1\" href=\"https:\/\/www.asegurate-bien.com\/\" rel=\"noopener\" class=\"a2t-link\" target=\"_blank\" aria-label=\"Acodese-Adaptaciones-Noticel-300&#215;250\"><img loading=\"lazy\" decoding=\"async\" src=\"https:\/\/cdn.noticel.com\/2026\/05\/30094423\/Acodese-Adaptaciones-Noticel-300x250-1.jpg\" alt=\"\"  srcset=\"https:\/\/cdn.noticel.com\/2026\/05\/30094423\/Acodese-Adaptaciones-Noticel-300x250-1.jpg 300w, https:\/\/cdn.noticel.com\/2026\/05\/30094423\/Acodese-Adaptaciones-Noticel-300x250-1-14x12.jpg 14w\" sizes=\"(max-width: 300px) 100vw, 300px\" width=\"300\" height=\"250\"   \/><\/a><\/div>\n\n\n\n<p>La Junta quer\u00eda -y quiere saber- c\u00f3mo Educaci\u00f3n financiar\u00eda actividades recurrentes con fondos federales no recurrentes y que identifique fuentes espec\u00edficas de fondos para cada responsabilidad.<\/p>\n\n\n\n<p>Educaci\u00f3n pidi\u00f3 tiempo adicional para contestar, pero \u201cm\u00e1s de un a\u00f1o despu\u00e9s, la Junta de Supervisi\u00f3n no ha recibido el plan financiero final y detallado solicitado el 16 de mayo de 2025. La falla de Educaci\u00f3n es entregar el plan impide que la Junta de Supervisi\u00f3n eval\u00fae c\u00f3mo Educaci\u00f3n planifica financiar actividades recurrentes con fondos federales temporeros\u2026\u201d, sostuvo Mujica.<\/p>\n\n\n\n<p>Espec\u00edficamente, Educaci\u00f3n tiene que detallar los gastos e ingresos y las \u00e1reas en que podr\u00eda no tener dinero suficiente para financiar programas, las metodolog\u00edas utilizadas para preparar proyecciones, un detalle de los programas financiados por fondos federales no recurrentes, entre otros datos.<\/p>\n\n\n\n<p>Igualmente, Educaci\u00f3n tiene que detallar medidas tomadas para recortar gastos, dem\u00e1s de cancelaciones y cualquier acci\u00f3n tomada para atender escenarios en que no tengan dinero para pagar gastos.<\/p>","protected":false},"excerpt":{"rendered":"<p>La Junta de Supervisi\u00f3n Fiscal (JSF) contin\u00faa presionando al Departamento de Educaci\u00f3n a que divulgue informaci\u00f3n sobre sus finanzas y ahora le ha dado un plazo hasta el 18 de septiembre su plan fiscal, a\u00f1o por a\u00f1o, por los pr\u00f3ximos cinco a\u00f1os. En una carta firmada por el director ejecutivo de la Junta, Robert Mujica, [&hellip;]<\/p>","protected":false},"author":2736,"featured_media":304585,"comment_status":"open","ping_status":"open","sticky":false,"template":"","format":"standard","meta":{"_acf_changed":false,"_monsterinsights_skip_tracking":false,"ep_exclude_from_search":false,"footnotes":""},"categories":[4,3,2],"tags":[218,6918,4000],"class_list":["post-1021730","post","type-post","status-publish","format-standard","has-post-thumbnail","hentry","category-gobierno","category-noticias","category-ultima-hora","tag-educacion-2","tag-finanzas","tag-junta"],"acf":[],"aioseo_notices":[],"_links":{"self":[{"href":"https:\/\/noticel.com\/en\/wp-json\/wp\/v2\/posts\/1021730","targetHints":{"allow":["GET"]}}],"collection":[{"href":"https:\/\/noticel.com\/en\/wp-json\/wp\/v2\/posts"}],"about":[{"href":"https:\/\/noticel.com\/en\/wp-json\/wp\/v2\/types\/post"}],"author":[{"embeddable":true,"href":"https:\/\/noticel.com\/en\/wp-json\/wp\/v2\/users\/2736"}],"replies":[{"embeddable":true,"href":"https:\/\/noticel.com\/en\/wp-json\/wp\/v2\/comments?post=1021730"}],"version-history":[{"count":1,"href":"https:\/\/noticel.com\/en\/wp-json\/wp\/v2\/posts\/1021730\/revisions"}],"predecessor-version":[{"id":1021732,"href":"https:\/\/noticel.com\/en\/wp-json\/wp\/v2\/posts\/1021730\/revisions\/1021732"}],"wp:featuredmedia":[{"embeddable":true,"href":"https:\/\/noticel.com\/en\/wp-json\/wp\/v2\/media\/304585"}],"wp:attachment":[{"href":"https:\/\/noticel.com\/en\/wp-json\/wp\/v2\/media?parent=1021730"}],"wp:term":[{"taxonomy":"category","embeddable":true,"href":"https:\/\/noticel.com\/en\/wp-json\/wp\/v2\/categories?post=1021730"},{"taxonomy":"post_tag","embeddable":true,"href":"https:\/\/noticel.com\/en\/wp-json\/wp\/v2\/tags?post=1021730"}],"curies":[{"name":"wp","href":"https:\/\/api.w.org\/{rel}","templated":true}]}}