{"id":1021718,"date":"2026-09-01T11:23:55","date_gmt":"2026-09-01T15:23:55","guid":{"rendered":""},"modified":"2026-09-01T11:29:06","modified_gmt":"2026-09-01T15:29:06","slug":"boricuas-parten-rumbo-al-mundial-juvenil-de-aguas-abiertas-en-argentina","status":"publish","type":"post","link":"https:\/\/noticel.com\/en\/deportes\/20260901\/boricuas-parten-rumbo-al-mundial-juvenil-de-aguas-abiertas-en-argentina\/","title":{"rendered":"Boricuas parten rumbo al Mundial Juvenil de Aguas Abiertas en Argentina"},"content":{"rendered":"<p>La Selecci\u00f3n Nacional Juvenil de Aguas Abiertas que representar\u00e1 a Puerto Rico en el World Aquatic Junior Open Water Championships ya se encuentra en camino a Argentina.<\/p>\n\n\n\n<p>El mundial se celebrar\u00e1 del 3 al 6 de septiembre en Santa Fe, Argentina.&nbsp;<\/p>\n\n\n\n<p>La selecci\u00f3n qued\u00f3 compuesta por Wildred Juli\u00e1n N\u00fa\u00f1ez Vega, Nomar Miguel Rodr\u00edguez, Aureliz Camil Rodr\u00edguez, Daniel Iv\u00e1n Rodr\u00edguez, Danna Naizer Figueroa, Kenneth Rafael Mirabal, Jomalier Nahir Cruz, Norisbeth R\u00edos y Dylan R\u00edos.<\/p>\n\n\n\n<p>Los entrenadores son Yelitza Torres y Josu\u00e9 Hern\u00e1ndez.<\/p>\n\n\n\n<p>\u201cCada uno de estos atletas ha trabajado con disciplina, perseverancia y pasi\u00f3n para ganarse el honor de vestir los colores de Puerto Rico en uno de los escenarios m\u00e1s importantes del mundo para la nataci\u00f3n en aguas abiertas. Hoy comienza la cuenta regresiva hacia este gran reto. Estamos seguros de que representar\u00e1n a nuestra Isla con orgullo, compromiso y el coraz\u00f3n que distingue a nuestros deportistas\u201d, expres\u00f3 el presidente de la Federaci\u00f3n Puertorrique\u00f1a de Nataci\u00f3n, Andr\u00e9s Solivan.<\/p>","protected":false},"excerpt":{"rendered":"<p>La Selecci\u00f3n Nacional Juvenil de Aguas Abiertas que representar\u00e1 a Puerto Rico en el World Aquatic Junior Open Water Championships ya se encuentra en camino a Argentina. El mundial se celebrar\u00e1 del 3 al 6 de septiembre en Santa Fe, Argentina.&nbsp; La selecci\u00f3n qued\u00f3 compuesta por Wildred Juli\u00e1n N\u00fa\u00f1ez Vega, Nomar Miguel Rodr\u00edguez, Aureliz Camil [&hellip;]<\/p>","protected":false},"author":100,"featured_media":1021719,"comment_status":"open","ping_status":"open","sticky":false,"template":"","format":"standard","meta":{"_acf_changed":false,"_monsterinsights_skip_tracking":false,"ep_exclude_from_search":false,"footnotes":""},"categories":[31],"tags":[1749,531,4893,1086],"class_list":["post-1021718","post","type-post","status-publish","format-standard","has-post-thumbnail","hentry","category-deportes","tag-aguas-abiertas","tag-campeonato-mundial","tag-categoria-juvenil","tag-natacion"],"acf":[],"aioseo_notices":[],"_links":{"self":[{"href":"https:\/\/noticel.com\/en\/wp-json\/wp\/v2\/posts\/1021718","targetHints":{"allow":["GET"]}}],"collection":[{"href":"https:\/\/noticel.com\/en\/wp-json\/wp\/v2\/posts"}],"about":[{"href":"https:\/\/noticel.com\/en\/wp-json\/wp\/v2\/types\/post"}],"author":[{"embeddable":true,"href":"https:\/\/noticel.com\/en\/wp-json\/wp\/v2\/users\/100"}],"replies":[{"embeddable":true,"href":"https:\/\/noticel.com\/en\/wp-json\/wp\/v2\/comments?post=1021718"}],"version-history":[{"count":1,"href":"https:\/\/noticel.com\/en\/wp-json\/wp\/v2\/posts\/1021718\/revisions"}],"predecessor-version":[{"id":1021721,"href":"https:\/\/noticel.com\/en\/wp-json\/wp\/v2\/posts\/1021718\/revisions\/1021721"}],"wp:featuredmedia":[{"embeddable":true,"href":"https:\/\/noticel.com\/en\/wp-json\/wp\/v2\/media\/1021719"}],"wp:attachment":[{"href":"https:\/\/noticel.com\/en\/wp-json\/wp\/v2\/media?parent=1021718"}],"wp:term":[{"taxonomy":"category","embeddable":true,"href":"https:\/\/noticel.com\/en\/wp-json\/wp\/v2\/categories?post=1021718"},{"taxonomy":"post_tag","embeddable":true,"href":"https:\/\/noticel.com\/en\/wp-json\/wp\/v2\/tags?post=1021718"}],"curies":[{"name":"wp","href":"https:\/\/api.w.org\/{rel}","templated":true}]}}