{"id":1021717,"date":"2026-09-01T11:23:26","date_gmt":"2026-09-01T15:23:26","guid":{"rendered":""},"modified":"2026-09-01T11:33:49","modified_gmt":"2026-09-01T15:33:49","slug":"gallo-the-producer-pide-perdon-y-le-archivan-caso-de-alteracion-a-la-paz","status":"publish","type":"post","link":"https:\/\/noticel.com\/en\/ultima-hora\/20260901\/gallo-the-producer-pide-perdon-y-le-archivan-caso-de-alteracion-a-la-paz\/","title":{"rendered":"Gallo the Producer pide perd\u00f3n y le archivan caso de alteraci\u00f3n a la paz"},"content":{"rendered":"<p>El juez Fernando Chalas archiv\u00f3 esta ma\u00f1ana el cargo menos grave que enfrentaba Jonathan Rosario Ortiz, conocido como Gallo the Producer, quien protagoniz\u00f3 un altercado con un polic\u00eda municipal de San Juan el 12 de julio en el Viejo San Juan.<\/p>\n\n\n\n<p>Ese d\u00eda, seg\u00fan el querelllante Jafet Oca\u00f1a, Rosario Ortiz manejaba una guagua Tyota Tacoma y se baj\u00f3 del veh\u00edculo cuando el agente Oca\u00f1a le indic\u00f3 que no pod\u00eda continuar la marcha por el lugar a ra\u00edz de un esfuerzo de control del tr\u00e1fico en la zona.<\/p>\n\n\n\n<p>Rosario Ortiz insult\u00f3 al polic\u00eda con palabras soeces y le grit\u00f3. Supuestamente le dijo: \u201cno sales al pu\u00f1o conmigo, y nos vamos a encontrar en alg\u00fan lugar\u201d, seg\u00fan public\u00f3 Primera Hora.<\/p>\n\n\n\n<p>Hoy su actitud en el tribunal fue muy distinta. Con problemas evidentes para leer un escrito, pidi\u00f3 disculpas al polic\u00eda, que las acept\u00f3.<\/p>\n\n\n\n<p>\u201cHoy quien les habla es el ser humano Jonathan, y ofrezco mis sinceras disculpas al oficial por el incidente que gener\u00f3 una discusi\u00f3n entre ambos que no debi\u00f3 ocurrir. Reconozco que fui irresponsable\u201d, indic\u00f3 Rosario Ortiz, quien todav\u00eda tiene pendiente un caso por agresi\u00f3n contra Edwin \u201cMondongo\u201d Marrero.<\/p>\n\n\n\n<p>\u201cReconozco que debo actuar con mas madurez y responsabilidad\u201d, dijo Rosario Ortiz hoy. Acto seguido, los fiscales solicitaron el archivo del caso y el juez acogi\u00f3 a petici\u00f3n.<\/p>\n\n\n\n<p>Chalas le indic\u00f3 que ten\u00eda que tener prudencia y le exhort\u00f3 a seguir los caminos de la ley.<\/p>","protected":false},"excerpt":{"rendered":"<p>El juez Fernando Chalas archiv\u00f3 esta ma\u00f1ana el cargo menos grave que enfrentaba Jonathan Rosario Ortiz, conocido como Gallo the Producer, quien protagoniz\u00f3 un altercado con un polic\u00eda municipal de San Juan el 12 de julio en el Viejo San Juan. Ese d\u00eda, seg\u00fan el querelllante Jafet Oca\u00f1a, Rosario Ortiz manejaba una guagua Tyota Tacoma [&hellip;]<\/p>","protected":false},"author":100,"featured_media":1021726,"comment_status":"open","ping_status":"open","sticky":false,"template":"","format":"standard","meta":{"_acf_changed":false,"_monsterinsights_skip_tracking":false,"ep_exclude_from_search":false,"footnotes":""},"categories":[3,13,2],"tags":[4108,6477],"class_list":["post-1021717","post","type-post","status-publish","format-standard","has-post-thumbnail","hentry","category-noticias","category-tribunales","category-ultima-hora","tag-alteracion-a-la-paz","tag-gallo-the-producer"],"acf":[],"aioseo_notices":[],"_links":{"self":[{"href":"https:\/\/noticel.com\/en\/wp-json\/wp\/v2\/posts\/1021717","targetHints":{"allow":["GET"]}}],"collection":[{"href":"https:\/\/noticel.com\/en\/wp-json\/wp\/v2\/posts"}],"about":[{"href":"https:\/\/noticel.com\/en\/wp-json\/wp\/v2\/types\/post"}],"author":[{"embeddable":true,"href":"https:\/\/noticel.com\/en\/wp-json\/wp\/v2\/users\/100"}],"replies":[{"embeddable":true,"href":"https:\/\/noticel.com\/en\/wp-json\/wp\/v2\/comments?post=1021717"}],"version-history":[{"count":1,"href":"https:\/\/noticel.com\/en\/wp-json\/wp\/v2\/posts\/1021717\/revisions"}],"predecessor-version":[{"id":1021723,"href":"https:\/\/noticel.com\/en\/wp-json\/wp\/v2\/posts\/1021717\/revisions\/1021723"}],"wp:featuredmedia":[{"embeddable":true,"href":"https:\/\/noticel.com\/en\/wp-json\/wp\/v2\/media\/1021726"}],"wp:attachment":[{"href":"https:\/\/noticel.com\/en\/wp-json\/wp\/v2\/media?parent=1021717"}],"wp:term":[{"taxonomy":"category","embeddable":true,"href":"https:\/\/noticel.com\/en\/wp-json\/wp\/v2\/categories?post=1021717"},{"taxonomy":"post_tag","embeddable":true,"href":"https:\/\/noticel.com\/en\/wp-json\/wp\/v2\/tags?post=1021717"}],"curies":[{"name":"wp","href":"https:\/\/api.w.org\/{rel}","templated":true}]}}