{"id":1021709,"date":"2026-09-01T10:48:58","date_gmt":"2026-09-01T14:48:58","guid":{"rendered":""},"modified":"2026-09-01T11:00:58","modified_gmt":"2026-09-01T15:00:58","slug":"la-lai-anuncia-algunos-cambios-en-sus-festivales-deportivos","status":"publish","type":"post","link":"https:\/\/noticel.com\/en\/deportes\/20260901\/la-lai-anuncia-algunos-cambios-en-sus-festivales-deportivos\/","title":{"rendered":"La LAI anuncia algunos cambios en sus festivales deportivos"},"content":{"rendered":"<p>La Liga Atl\u00e9tica Interuniversitaria (LAI) est\u00e1 organizando al un\u00edsono los dos festivales deportivos que comprenden el a\u00f1o acad\u00e9mico 2026-2027, tras el \u00e9xito del San Juan Fall Championship y el Festival Deportivo del segundo semestre, se inform\u00f3 hoy.&nbsp;<\/p>\n\n\n\n<p>Existen unas variantes para el nuevo a\u00f1o universitario en lo que se refiere a cambios de disciplinas deportivas. Por ejemplo, el campeonato de tenis de mesa se disputar\u00e1 dos veces en el a\u00f1o natural 2026: la primera edici\u00f3n se celebr\u00f3 el 29 de abril, como cierre del segundo semestre del a\u00f1o acad\u00e9mico anterior, y la segunda ser\u00e1 el jueves 5 de noviembre, marcando el inicio del nuevo calendario de oto\u00f1o.&nbsp;<\/p>\n\n\n\n<p>\u201cEscuchamos las recomendaciones del director t\u00e9cnico de la competencia, Christian Tellado, que le ha dado una formalidad al torneo de tenis de mesa en beneficio de los estudiantes-atletas que est\u00e1n en las selecciones nacionales. As\u00ed le damos una temporada que mantenga su rendimiento y no se afecte el torneo por los compromisos internacionales de nuestros alumnos con Puerto Rico\u201d, explic\u00f3 el comisionado de la LAI, licenciado Jorge O. Sosa.&nbsp;<\/p>\n\n\n\n<p>El torneo de tenis de mesa de la LAI formaba parte, hist\u00f3ricamente, de la programaci\u00f3n deportiva del festival que se lleva a cabo entre mediados de abril y principios de mayo como cierre del segundo semestre del a\u00f1o acad\u00e9mico.&nbsp;Ahora ir\u00e1 en el mes de octubre con su final en la primera semana de noviembre.&nbsp;&nbsp;<\/p>\n\n\n\n<p>Tellado, quien tambi\u00e9n es el director atl\u00e9tico de la Universidad de Puerto Rico (UPR) de Arecibo y egresado medallista de tenis de mesa de la instituci\u00f3n, confirm\u00f3 que&nbsp;\u201chice la petici\u00f3n de cambio con la Federaci\u00f3n (Puertorrique\u00f1a de Tenis de Mesa) para que el torneo de la LAI sea beneficioso para los estudiantes y para el pa\u00eds, para que estos mismos estudiantes nos puedan representar dignamente, ya que muchos de los eventos internacionales, como un campeonato centroamericano, se celebran en la fecha del segundo semestre\u201d.&nbsp;&nbsp;<\/p>\n\n\n\n<p>El tenis de mesa cuenta con figuras de importancia internacional y local. De la segunda a la tercera mejor raqueta de Puerto Rico a nivel de adultos y medallistas centroamericanas compiten en la LAI: Brianna Brugos y Alondra Rodr\u00edguez con la Universidad Ana G. M\u00e9ndez y Kristal Mel\u00e9ndez con la Universidad Interamericana. En varones, Ram\u00f3n Vila, natural de la Rep\u00fablica Dominicana, y Jabdiel Torres con la Universidad Ana G. M\u00e9ndez.&nbsp;<\/p>\n\n\n\n<p>\u00bfQu\u00e9 va a sustituir al tenis de mesa en el segundo semestre? El comisionado de la LAI inform\u00f3&nbsp;que el deporte de pickleball entra como exhibici\u00f3n para apoyar el programa que inici\u00f3 en mayo la ciudad de Mayag\u00fcez con sus nuevas instalaciones en el Paseo Litoral.<\/p>\n\n\n\n<p>\u201cEl tenis de mesa era uno de los deportes que estaban bajo el contrato con el municipio de Mayag\u00fcez. Este campeonato se celebrar\u00e1 en el coliseo Rafael Mangual del Colegio de Mayag\u00fcez para cumplir con lo estipulado en el contrato este semestre. En la primera semana del festival, de abril-mayo, les daremos un espect\u00e1culo con estudiantes-atletas que jueguen pickleball para tener un Litoral con un atractivo deportivo\u201d, anunci\u00f3 el licenciado Sosa.&nbsp;<\/p>\n\n\n\n<p>El torneo de pickleball tiene fecha parcial para celebrarse el 23 y 24 de abril, cuando el calendario tambi\u00e9n tiene la final de voleibol de playa, nataci\u00f3n, baloncesto, s\u00f3ftbol y judo.<\/p><div class=\"notic-content-middle\" id=\"notic-186640979\"><div class=\"notic-adlabel\">Advertisements<\/div><a data-no-instant=\"1\" href=\"https:\/\/www.asegurate-bien.com\/\" rel=\"noopener\" class=\"a2t-link\" target=\"_blank\" aria-label=\"Acodese-Adaptaciones-Noticel-300&#215;600\"><img loading=\"lazy\" decoding=\"async\" src=\"https:\/\/cdn.noticel.com\/2026\/05\/30094652\/Acodese-Adaptaciones-Noticel-300x600-1.jpg\" alt=\"\"  srcset=\"https:\/\/cdn.noticel.com\/2026\/05\/30094652\/Acodese-Adaptaciones-Noticel-300x600-1.jpg 300w, https:\/\/cdn.noticel.com\/2026\/05\/30094652\/Acodese-Adaptaciones-Noticel-300x600-1-150x300.jpg 150w, https:\/\/cdn.noticel.com\/2026\/05\/30094652\/Acodese-Adaptaciones-Noticel-300x600-1-6x12.jpg 6w\" sizes=\"(max-width: 300px) 100vw, 300px\" width=\"300\" height=\"600\"   \/><\/a><\/div>\n\n\n\n<p>Seg\u00fan la USA Pickleball, el deporte naci\u00f3 en Estados Unidos en 1965 como un juego familiar para entretener a los ni\u00f1os durante el verano. Se juega con unas raquetas s\u00f3lidas de madera o de materiales ligeros y una pelota de pl\u00e1stico hueca con agujeros. La cancha es del tama\u00f1o de una de b\u00e1dminton (m\u00e1s peque\u00f1a que la de tenis) con una red baja.&nbsp;<\/p>\n\n\n\n<figure class=\"wp-block-image size-large\"><img loading=\"lazy\" decoding=\"async\" width=\"1024\" height=\"682\" src=\"https:\/\/cdn.noticel.com\/2026\/09\/01105619\/El-licenciado-Jorge-O.-Sosa-explica-los-cambios-en-la-programacion-deportiva-de-la-LAI.-LAI--1024x682.jpg\" alt=\"\" class=\"wp-image-1021711\" srcset=\"https:\/\/cdn.noticel.com\/2026\/09\/01105619\/El-licenciado-Jorge-O.-Sosa-explica-los-cambios-en-la-programacion-deportiva-de-la-LAI.-LAI--1024x682.jpg 1024w, https:\/\/cdn.noticel.com\/2026\/09\/01105619\/El-licenciado-Jorge-O.-Sosa-explica-los-cambios-en-la-programacion-deportiva-de-la-LAI.-LAI--300x200.jpg 300w, https:\/\/cdn.noticel.com\/2026\/09\/01105619\/El-licenciado-Jorge-O.-Sosa-explica-los-cambios-en-la-programacion-deportiva-de-la-LAI.-LAI--768x512.jpg 768w, https:\/\/cdn.noticel.com\/2026\/09\/01105619\/El-licenciado-Jorge-O.-Sosa-explica-los-cambios-en-la-programacion-deportiva-de-la-LAI.-LAI--1536x1023.jpg 1536w, https:\/\/cdn.noticel.com\/2026\/09\/01105619\/El-licenciado-Jorge-O.-Sosa-explica-los-cambios-en-la-programacion-deportiva-de-la-LAI.-LAI--18x12.jpg 18w, https:\/\/cdn.noticel.com\/2026\/09\/01105619\/El-licenciado-Jorge-O.-Sosa-explica-los-cambios-en-la-programacion-deportiva-de-la-LAI.-LAI-.jpg 1600w\" sizes=\"auto, (max-width: 1024px) 100vw, 1024px\" \/><figcaption class=\"wp-element-caption\"><em>El comisionado de la LAI, Jorge Sosa. (Foto suministrada)<\/em><\/figcaption><\/figure>\n\n\n\n<p><strong>San Juan Fall Championship y Festival Deportivo segundo semestre&nbsp;<\/strong><\/p>\n\n\n\n<p>La LAI enfatiz\u00f3 que su equipo de trabajo ha tenido conversaciones de gesti\u00f3n con los municipios de San Juan y Mayag\u00fcez sobre la organizaci\u00f3n y el montaje de los campeonatos correspondientes a cada semestre.&nbsp;<\/p>\n\n\n\n<p>\u201cTuvimos un gran \u00e9xito el pasado a\u00f1o acad\u00e9mico con ambos municipios por lo que en verano iniciamos con la programaci\u00f3n de las finales y la separaci\u00f3n de las instalaciones deportivas. Gracias al trabajo colaborativo entre todas las partes, nuestros estudiantes-atletas tendr\u00e1n sus festivales\u201d, reafirm\u00f3 Sosa.&nbsp;<\/p>\n\n\n\n<p>El San Juan Fall Championship est\u00e1 calendarizado con el campeonato de baloncesto 3&#215;3 del 25 al 27 de septiembre; taekwondo el s\u00e1bado, 7 de noviembre. Del lunes 30 de noviembre al 12 de diciembre de 2026 ser\u00e1n las finales de:&nbsp;halterofilia (30 de noviembre al 3 de diciembre), nataci\u00f3n (30 de noviembre al 2 de diciembre), voleibol (1 al 5 de diciembre), tenis (4 al 9 de diciembre), campo traviesa (4 de diciembre), f\u00fatbol masculino (7 y 8 de diciembre), b\u00e9isbol (7 al 12 de diciembre) y lucha (12 de diciembre).&nbsp;<\/p>\n\n\n\n<p>El Festival Deportivo del segundo semestre se llevar\u00e1 a cabo del 22 de abril al 1 de mayo de 2027. Los deportes y sus fechas son: voleibol de playa (22 al 25 de abril), nataci\u00f3n (23 al 25 de abril), pickleball (23 y 24 de abril), baloncesto 5&#215;5 (24 al 27 de abril), judo (24 de abril), s\u00f3ftbol (24 al 28 de abril), f\u00fatbol femenino (27 y 28 de abril), atletismo (29 de abril al 1 de mayo) y porrismo y baile (30 de abril).&nbsp;<\/p>\n\n\n\n<p><strong>Inicio de torneos&nbsp;<\/strong><\/p>\n\n\n\n<p>Los primeros torneos en iniciar la competencia de agosto-diciembre ser\u00e1n el tenis, el b\u00e9isbol y el voleibol el martes 8 de septiembre. El jueves 10 del mes en curso correr\u00e1 la pelota para el f\u00fatbol masculino.&nbsp;<\/p>\n\n\n\n<p>Las universidades con campeonatos a defender en los deportes de torneo del primer semestre son: Universidad Ana G. M\u00e9ndez en b\u00e9isbol, voleibol y tenis femenino; Universidad Interamericana de Puerto Rico en f\u00fatbol masculino; Universidad del Sagrado Coraz\u00f3n en tenis masculino; Universidad de Puerto Rico en Mayag\u00fcez en voleibol masculino.&nbsp;<\/p>","protected":false},"excerpt":{"rendered":"<p>La Liga Atl\u00e9tica Interuniversitaria (LAI) est\u00e1 organizando al un\u00edsono los dos festivales deportivos que comprenden el a\u00f1o acad\u00e9mico 2026-2027, tras el \u00e9xito del San Juan Fall Championship y el Festival Deportivo del segundo semestre, se inform\u00f3 hoy.&nbsp; Existen unas variantes para el nuevo a\u00f1o universitario en lo que se refiere a cambios de disciplinas deportivas. [&hellip;]<\/p>","protected":false},"author":100,"featured_media":1021710,"comment_status":"open","ping_status":"open","sticky":false,"template":"","format":"standard","meta":{"_acf_changed":false,"_monsterinsights_skip_tracking":false,"ep_exclude_from_search":false,"footnotes":""},"categories":[31],"tags":[6917,1027],"class_list":["post-1021709","post","type-post","status-publish","format-standard","has-post-thumbnail","hentry","category-deportes","tag-festival-deportivo","tag-lai"],"acf":[],"aioseo_notices":[],"_links":{"self":[{"href":"https:\/\/noticel.com\/en\/wp-json\/wp\/v2\/posts\/1021709","targetHints":{"allow":["GET"]}}],"collection":[{"href":"https:\/\/noticel.com\/en\/wp-json\/wp\/v2\/posts"}],"about":[{"href":"https:\/\/noticel.com\/en\/wp-json\/wp\/v2\/types\/post"}],"author":[{"embeddable":true,"href":"https:\/\/noticel.com\/en\/wp-json\/wp\/v2\/users\/100"}],"replies":[{"embeddable":true,"href":"https:\/\/noticel.com\/en\/wp-json\/wp\/v2\/comments?post=1021709"}],"version-history":[{"count":1,"href":"https:\/\/noticel.com\/en\/wp-json\/wp\/v2\/posts\/1021709\/revisions"}],"predecessor-version":[{"id":1021714,"href":"https:\/\/noticel.com\/en\/wp-json\/wp\/v2\/posts\/1021709\/revisions\/1021714"}],"wp:featuredmedia":[{"embeddable":true,"href":"https:\/\/noticel.com\/en\/wp-json\/wp\/v2\/media\/1021710"}],"wp:attachment":[{"href":"https:\/\/noticel.com\/en\/wp-json\/wp\/v2\/media?parent=1021709"}],"wp:term":[{"taxonomy":"category","embeddable":true,"href":"https:\/\/noticel.com\/en\/wp-json\/wp\/v2\/categories?post=1021709"},{"taxonomy":"post_tag","embeddable":true,"href":"https:\/\/noticel.com\/en\/wp-json\/wp\/v2\/tags?post=1021709"}],"curies":[{"name":"wp","href":"https:\/\/api.w.org\/{rel}","templated":true}]}}