{"id":1021705,"date":"2026-09-01T10:34:29","date_gmt":"2026-09-01T14:34:29","guid":{"rendered":""},"modified":"2026-09-01T10:46:31","modified_gmt":"2026-09-01T14:46:31","slug":"llamado-de-la-appu-a-no-cruzar-lineas-y-no-dar-clases-en-linea","status":"publish","type":"post","link":"https:\/\/noticel.com\/en\/ultima-hora\/20260901\/llamado-de-la-appu-a-no-cruzar-lineas-y-no-dar-clases-en-linea\/","title":{"rendered":"Llamado de la APPU a no cruzar l\u00edneas y no dar clases en l\u00ednea"},"content":{"rendered":"<p>La presidenta de la Asociaci\u00f3n Puertorrique\u00f1a de Profesores Universitarios (APPU), Mar\u00eda del Mar Rosa Rodr\u00edguez, exhort\u00f3 a su matr\u00edcula a no cruzar la l\u00ednea de piquete del Siindicato de Trabajadores de la Universidad de Puerto Rico (UPR), que hoy inici\u00f3 una huelga relacionada al plan m\u00e9dico.<\/p>\n\n\n\n<p>\u201cAnte cualquier paralizaci\u00f3n que surja por la incapacidad de la administraci\u00f3n universitaria de atender los reclamos del sindicato, reafirmemos la solidaridad, sobre todo en tiempos de crisis. Nuestra instrucci\u00f3n a la docencia es clara:&nbsp;Por razones de salud y seguridad, la Asociaci\u00f3n Puertorrique\u00f1a de Profesores Universitarios exhorta a toda la docencia a no cruzar l\u00edneas de piquete. El Sindicato de Trabajadores tendr\u00e1 sus estrategias en cada recito y las respetaremos,&nbsp;por lo tanto all\u00ed donde haya l\u00ednea de piquete, no cruzaremos ni presencialmente por razones de salud y seguridad\u201d, indic\u00f3 Rosa Rodr\u00edguez en una comunicaci\u00f3n.<\/p>\n\n\n\n<p>La l\u00edder senal\u00f3 que la APPU defiende el derecho de toda organizaci\u00f3n sindical, en este caso el Sindicato, a hacerse escuchar y mencion\u00f3 que&nbsp; la APPU respalda \u201csus reclamos de justicia laboral y las estrategias de presi\u00f3n que hayan escogido\u201d<\/p>\n\n\n\n<p>\u201cQueremos dejar claro que toda la frustraci\u00f3n que un cierre de portones nos pueda causar es culpa enteramente de la Administraci\u00f3n de la UPR, que ha sido mediocre en su gesti\u00f3n. Exigimos a la presidenta, solucionar este problema y atender estos reclamos\u201d, sostuvo al indicar que los convenios colectivos son acuerdos vinculantes entre patronos y trabajadores\/trabajadoras y se deben respetar.<br><br>Agreg\u00f3 que cualquier requerimiento de la administraci\u00f3n de reportar asistencia de en portones \u201cno procede\u201d.<\/p>\n\n\n\n<p>\u201cSomos exentos. Los docentes de c\u00e1tedra no tienen que firmar nada, ni reportar nada, ni informar c\u00f3mo sustituyeron sus clases en un proceso de huelga. Lo que no sea una pr\u00e1ctica laboral actual, no se nos puede exigir en estos momentos sin negociar con la APPU. Tampoco pueden pedirnos, de la noche a la ma\u00f1ana, que nos reportemos ante nuestro supervisor inmediato. No tenemos que hacer nada distinto a lo que YA hacemos\u201d, dijo.<\/p><div class=\"notic-content-middle\" id=\"notic-3740135642\"><div class=\"notic-adlabel\">Advertisements<\/div><a data-no-instant=\"1\" href=\"https:\/\/www.asegurate-bien.com\/\" rel=\"noopener\" class=\"a2t-link\" target=\"_blank\" aria-label=\"Acodese-Adaptaciones-Noticel-300&#215;250\"><img loading=\"lazy\" decoding=\"async\" src=\"https:\/\/cdn.noticel.com\/2026\/05\/30094423\/Acodese-Adaptaciones-Noticel-300x250-1.jpg\" alt=\"\"  srcset=\"https:\/\/cdn.noticel.com\/2026\/05\/30094423\/Acodese-Adaptaciones-Noticel-300x250-1.jpg 300w, https:\/\/cdn.noticel.com\/2026\/05\/30094423\/Acodese-Adaptaciones-Noticel-300x250-1-14x12.jpg 14w\" sizes=\"(max-width: 300px) 100vw, 300px\" width=\"300\" height=\"250\"   \/><\/a><\/div>\n\n\n\n<p>El Sindicato de Trabajadores mencion\u00f3 huelga en 10 recintos.<\/p>\n\n\n\n<p>En cuanto a la celebraci\u00f3n de clases virtuales, la APPU sostuvo que dar clases virtuales en proceso de paralizaciones sindicales es \u201cilegal\u201d y afecta al estudiantado.<\/p>\n\n\n\n<p>&nbsp;\u201cLo m\u00e1s sensato y es reponer clases una vez se resuelva el conflicto y este conflicto se puede resolver si la administraci\u00f3n hace su trabajo. Presionemos a la administraci\u00f3n a atender y resolver el asunto del plan m\u00e9dico del Sindicato de Trabajadores de la UPR\u201d, dijo Rosa Rodr\u00edguez. La l\u00edder de la APPU tambi\u00e9n indic\u00f3 que la Certificaci\u00f3n 49 fue derogada, por lo que lasclasesvirtuales durante procesos huelgarios es contrario a la pol\u00edtica p\u00fablica universitaria<strong>.<\/strong><\/p>\n\n\n\n<p><strong>\u201c<\/strong>La APPU hace un llamado a la docencia de la UPR a no dar clases en l\u00ednea durante paralizaciones sindicales de otros sectores y a&nbsp;esperar a que los d\u00edas se repongan posteriormente en el calendario, con orden y tranquilidad. Esa es la mejor manera de cumplir nuestro compromiso con el estudiantado y la excelencia acad\u00e9mica que defendemos\u201d, dijo.<br><br><\/p>","protected":false},"excerpt":{"rendered":"<p>La presidenta de la Asociaci\u00f3n Puertorrique\u00f1a de Profesores Universitarios (APPU), Mar\u00eda del Mar Rosa Rodr\u00edguez, exhort\u00f3 a su matr\u00edcula a no cruzar la l\u00ednea de piquete del Siindicato de Trabajadores de la Universidad de Puerto Rico (UPR), que hoy inici\u00f3 una huelga relacionada al plan m\u00e9dico. \u201cAnte cualquier paralizaci\u00f3n que surja por la incapacidad de [&hellip;]<\/p>","protected":false},"author":100,"featured_media":1021706,"comment_status":"open","ping_status":"open","sticky":false,"template":"","format":"standard","meta":{"_acf_changed":false,"_monsterinsights_skip_tracking":false,"ep_exclude_from_search":false,"footnotes":""},"categories":[4,3,2],"tags":[3108,2703,201],"class_list":["post-1021705","post","type-post","status-publish","format-standard","has-post-thumbnail","hentry","category-gobierno","category-noticias","category-ultima-hora","tag-huelga","tag-sindicato","tag-upr"],"acf":[],"aioseo_notices":[],"_links":{"self":[{"href":"https:\/\/noticel.com\/en\/wp-json\/wp\/v2\/posts\/1021705","targetHints":{"allow":["GET"]}}],"collection":[{"href":"https:\/\/noticel.com\/en\/wp-json\/wp\/v2\/posts"}],"about":[{"href":"https:\/\/noticel.com\/en\/wp-json\/wp\/v2\/types\/post"}],"author":[{"embeddable":true,"href":"https:\/\/noticel.com\/en\/wp-json\/wp\/v2\/users\/100"}],"replies":[{"embeddable":true,"href":"https:\/\/noticel.com\/en\/wp-json\/wp\/v2\/comments?post=1021705"}],"version-history":[{"count":1,"href":"https:\/\/noticel.com\/en\/wp-json\/wp\/v2\/posts\/1021705\/revisions"}],"predecessor-version":[{"id":1021707,"href":"https:\/\/noticel.com\/en\/wp-json\/wp\/v2\/posts\/1021705\/revisions\/1021707"}],"wp:featuredmedia":[{"embeddable":true,"href":"https:\/\/noticel.com\/en\/wp-json\/wp\/v2\/media\/1021706"}],"wp:attachment":[{"href":"https:\/\/noticel.com\/en\/wp-json\/wp\/v2\/media?parent=1021705"}],"wp:term":[{"taxonomy":"category","embeddable":true,"href":"https:\/\/noticel.com\/en\/wp-json\/wp\/v2\/categories?post=1021705"},{"taxonomy":"post_tag","embeddable":true,"href":"https:\/\/noticel.com\/en\/wp-json\/wp\/v2\/tags?post=1021705"}],"curies":[{"name":"wp","href":"https:\/\/api.w.org\/{rel}","templated":true}]}}