{"id":1021696,"date":"2026-09-01T09:57:39","date_gmt":"2026-09-01T13:57:39","guid":{"rendered":""},"modified":"2026-09-01T09:57:45","modified_gmt":"2026-09-01T13:57:45","slug":"la-mayoria-de-los-embalses-aumentaron-sus-niveles-de-agua-pero-la-plata-sigue-bajando","status":"publish","type":"post","link":"https:\/\/noticel.com\/en\/noticias\/20260901\/la-mayoria-de-los-embalses-aumentaron-sus-niveles-de-agua-pero-la-plata-sigue-bajando\/","title":{"rendered":"La mayor\u00eda de los embalses aumentaron sus niveles de agua, pero La Plata sigue bajando"},"content":{"rendered":"<p>En medio de la sequ\u00eda extrema que atraviesa Puerto Rico, la mayor\u00eda de los embalses monitoreados por la Autoridad de Acueductos y Alcantarillados (AAA) registraron mejor\u00eda tras dos d\u00edas de lluvia que llegaron con los remanentes de Dolly.<\/p>\n\n\n\n<p>El embalse de Carra\u00edzo contin\u00faa en advertencia de ajustes; sin embargo, recibi\u00f3 un aumento de 0.06 cm. El lunes registr\u00f3 una mejora de 0.07 cm, lo que coloca al embalse en 37.20 metros.<\/p>\n\n\n\n<p>Por otro lado, el embalse La Plata contin\u00faa en advertencia de ajustes y experiment\u00f3 un descenso de 0.05 cm registrado el lunes y 0.08 cm registrado hoy. Esto coloca al embalse en 44.67 metros.<\/p>\n\n\n\n<p>El mayor golpe lo tuvo el embalse de Guayo en Lares que, aunque a\u00fan est\u00e1 en advertencia de seguridad, cay\u00f3 0.18 cm, coloc\u00e1ndolo en 442.54 metros.<\/p>\n\n\n\n<p>Igualmente, hubo descensos en los embalses de Toa Vaca en Villalba (0.01 cm) y Garzas en Adjuntas (0.04 cm).<\/p><div class=\"notic-content-middle\" id=\"notic-4141727174\"><div class=\"notic-adlabel\">Advertisements<\/div><a data-no-instant=\"1\" href=\"https:\/\/www.asegurate-bien.com\/\" rel=\"noopener\" class=\"a2t-link\" target=\"_blank\" aria-label=\"Acodese-Adaptaciones-Noticel-300&#215;250\"><img loading=\"lazy\" decoding=\"async\" src=\"https:\/\/cdn.noticel.com\/2026\/05\/30094423\/Acodese-Adaptaciones-Noticel-300x250-1.jpg\" alt=\"\"  srcset=\"https:\/\/cdn.noticel.com\/2026\/05\/30094423\/Acodese-Adaptaciones-Noticel-300x250-1.jpg 300w, https:\/\/cdn.noticel.com\/2026\/05\/30094423\/Acodese-Adaptaciones-Noticel-300x250-1-14x12.jpg 14w\" sizes=\"(max-width: 300px) 100vw, 300px\" width=\"300\" height=\"250\"   \/><\/a><\/div>\n\n\n\n<p>En contraste, Cidra, que se encuentra igualmente en advertencia de ajustes, obtuvo un aumento de 0.07 cm, lo cual lo coloca en 400.13 metros, cercano a pasar a advertencia de observaci\u00f3n.<\/p>\n\n\n\n<p>El embalse que m\u00e1s recibi\u00f3 agua fue el de Patillas, que recibi\u00f3 1.84 metros, lo cual lo coloca en 65.21 metros, a un metro de entrar a advertencia de desborde. Otros que tuvieron un alivio son R\u00edo Blanco en Naguabo (0.27 cm), Fajardo (0.14 cm), Carite en Guayama (0.22 cm), Guineo en Orocovis (0.21 cm) y Luchetti en Yauco (0.16 cm).<\/p>\n\n\n\n<p>Loco en Yauco solo recibi\u00f3 0.07 cm, colocando el embalse en 69.43 metros, a 0.06 cm de pasar de advertencia de observaci\u00f3n a seguridad.<\/p>\n\n\n\n<p>Los otros aumentos leves se registraron en Guayabal en Juana D\u00edaz (0.05 cm), Matrullas en Orocovis (0.05 cm), Dos Bocas en Arecibo (0.05 cm), Caonillas en Utuado (0.03 cm) y Cerrillos en Ponce (0.03 cm).<\/p>\n\n\n\n<p>Seg\u00fan el Servicio Nacional de Meteorolog\u00eda en San Juan, se esperan aguaceros y tormentas el\u00e9ctricas particularmente esta tarde, debido a la abundante humedad y a efectos locales.<\/p>\n\n\n\n<figure class=\"wp-block-image size-large\"><img loading=\"lazy\" decoding=\"async\" width=\"1024\" height=\"576\" src=\"https:\/\/cdn.noticel.com\/2026\/09\/01095442\/1-1024x576.png\" alt=\"\" class=\"wp-image-1021700\" srcset=\"https:\/\/cdn.noticel.com\/2026\/09\/01095442\/1-1024x576.png 1024w, https:\/\/cdn.noticel.com\/2026\/09\/01095442\/1-300x169.png 300w, https:\/\/cdn.noticel.com\/2026\/09\/01095442\/1-768x432.png 768w, https:\/\/cdn.noticel.com\/2026\/09\/01095442\/1-1536x864.png 1536w, https:\/\/cdn.noticel.com\/2026\/09\/01095442\/1-18x10.png 18w, https:\/\/cdn.noticel.com\/2026\/09\/01095442\/1.png 1920w\" sizes=\"auto, (max-width: 1024px) 100vw, 1024px\" \/><\/figure>","protected":false},"excerpt":{"rendered":"<p>En medio de la sequ\u00eda extrema que atraviesa Puerto Rico, la mayor\u00eda de los embalses monitoreados por la Autoridad de Acueductos y Alcantarillados (AAA) registraron mejor\u00eda tras dos d\u00edas de lluvia que llegaron con los remanentes de Dolly. El embalse de Carra\u00edzo contin\u00faa en advertencia de ajustes; sin embargo, recibi\u00f3 un aumento de 0.06 cm. [&hellip;]<\/p>","protected":false},"author":4077,"featured_media":1021699,"comment_status":"open","ping_status":"open","sticky":false,"template":"","format":"standard","meta":{"_acf_changed":false,"_monsterinsights_skip_tracking":false,"ep_exclude_from_search":false,"footnotes":""},"categories":[18,3],"tags":[6908,237,130],"class_list":["post-1021696","post","type-post","status-publish","format-standard","has-post-thumbnail","hentry","category-el-tiempo","category-noticias","tag-embalses","tag-lluvia","tag-tiempo"],"acf":[],"aioseo_notices":[],"_links":{"self":[{"href":"https:\/\/noticel.com\/en\/wp-json\/wp\/v2\/posts\/1021696","targetHints":{"allow":["GET"]}}],"collection":[{"href":"https:\/\/noticel.com\/en\/wp-json\/wp\/v2\/posts"}],"about":[{"href":"https:\/\/noticel.com\/en\/wp-json\/wp\/v2\/types\/post"}],"author":[{"embeddable":true,"href":"https:\/\/noticel.com\/en\/wp-json\/wp\/v2\/users\/4077"}],"replies":[{"embeddable":true,"href":"https:\/\/noticel.com\/en\/wp-json\/wp\/v2\/comments?post=1021696"}],"version-history":[{"count":3,"href":"https:\/\/noticel.com\/en\/wp-json\/wp\/v2\/posts\/1021696\/revisions"}],"predecessor-version":[{"id":1021704,"href":"https:\/\/noticel.com\/en\/wp-json\/wp\/v2\/posts\/1021696\/revisions\/1021704"}],"wp:featuredmedia":[{"embeddable":true,"href":"https:\/\/noticel.com\/en\/wp-json\/wp\/v2\/media\/1021699"}],"wp:attachment":[{"href":"https:\/\/noticel.com\/en\/wp-json\/wp\/v2\/media?parent=1021696"}],"wp:term":[{"taxonomy":"category","embeddable":true,"href":"https:\/\/noticel.com\/en\/wp-json\/wp\/v2\/categories?post=1021696"},{"taxonomy":"post_tag","embeddable":true,"href":"https:\/\/noticel.com\/en\/wp-json\/wp\/v2\/tags?post=1021696"}],"curies":[{"name":"wp","href":"https:\/\/api.w.org\/{rel}","templated":true}]}}